{"id":1820,"date":"2009-02-18T15:12:12","date_gmt":"2009-02-18T15:12:12","guid":{"rendered":"http:\/\/www.comevedonoidaltonici.com\/wordpress\/?p=1820"},"modified":"2009-02-18T15:12:12","modified_gmt":"2009-02-18T15:12:12","slug":"sciopero-13-febbraio-a-roma-contro-l%e2%80%99umiliazione","status":"publish","type":"post","link":"https:\/\/www.olinews.it\/mt\/?p=1820","title":{"rendered":"Sciopero 13 febbraio &#8211; A Roma contro l\u2019umiliazione"},"content":{"rendered":"<p>Due enormi striscioni bianchi percorrono in tutta la sua lunghezza un terrapieno davanti al Colosseo: \u201cA TARANTO DI INQUINAMENTO E LAVORO SI MUORE\u201d. Le grandi lettere compongono le parole in verticale. La firma \u00e8 di un gruppo di giovani i Tarantini fuori sede, studenti universitari che, dalla capitale, tengono d\u2019occhio la loro citt\u00e0. Il corteo sfila davanti a loro, indifferente al monito e agli insulti che i pochi ragazzi urlano verso Riva, presente solo in spirito tra i suoi operai in sciopero<br \/>\nUn freddo nordico a Roma venerd\u00ec 13 febbraio, e un sole allungato che, a tratti, riscalda la manifestazione. Tantissime bandiere rosse e pettorali gialli per difendere, oltre a tutto il resto, anche la costituzione.<\/p>\n<p><!--more--><br \/>\nSi sono in messi in treno e in pullman nel cuore della notte per raggiungere Roma. Da Genova una lanterna Cgil e molta musica di De Andr\u00e9 e striscioni Fiom e Pubblico Impiego, di tutta Italia, puntellano il corteo.<br \/>\nBersani \u00e8 il leader del futuro prossimo, bisbigliato da chi sa per quale partito votare. E la crisi di cui \u00e8 impregnata la manifestazione che, per incanto, sparisce in un cantiere navale, scostata dall\u2019ultima commessa: \u201cnoi lavoriamo tantissimo\u2026ma siamo dietro ad una brutta barca, piena d\u2019amianto\u201d.<br \/>\nIn piazza San Giovanni gli inviti dei sindacati sono rivolti alla Fiat che \u201csi deve impegnare a ridistribuire gli utili fatti l\u2019anno scorso\u201d e al governo \u201cche vuole far pagare la crisi ai lavoratori\u201d. I saluti vanno ai compagni e alle compagne che hanno aderito alla manifestazione, dai \u201cmetalmeccanici internazionali\u201d fino al sindacato dell\u2019Ucraina che \u201cda questa lotta prender\u00e0 esempio\u201d. Un fronte che da solo abbraccia tutti i confini dell\u2019Europa.<br \/>\nE poi la carta costituzionale, celebrata in una registrazione di Oscar Luigi Scalfaro, \u201ccome protezione\u201d perch\u00e9 \u201cil diritto al lavoro vuol dire che il cittadino \u00e8 libero, ma se il lavoro non c\u2019\u00e8, c\u2019\u00e8 solo umiliazione\u201d.<br \/>\nDi \u201cvalore e dignit\u00e0 del lavoro, tutti i giorni vilipeso e ucciso\u201d parla Podda, Funzione Pubblica, e \u201cdi una crisi che segna il limite di uno sviluppo che aveva come caratteristica l\u2019assenza del limite\u201d. Poi i 60.000 precari licenziati e un governo che mette \u201cuomini contro donne, giovani contro vecchi, pubblici contro privati, nativi contro migranti\u201d e che l\u2019unica unit\u00e0 che persegue, secondo Podda, \u00e8 quella dei lavoratori con i padroni. Ma lo sciopero deve essere proposta. Quindi la possibilit\u00e0 di investire parte del proprio reddito \u2013 con l\u2019otto per mille \u2013 ad altri lavoratori, e il prolungamento dei contratti precari \u201cche non vuol dire che vogliamo la stabilizzazione\u201d, vista la crisi.<br \/>\nRinaldini \u2013 Fiom &#8211; chiede un \u201cintervento che costituisca una vera e propria rete di ammortizzatori sociali\u201d, perch\u00e9 non pare possibile \u201cche ci siano risorse solo per Alitalia e banche\u201d. Inoltre ricorda la \u201ccultura dell\u2019odio\u201d che toglie il diritto alla salute per gli stranieri e genera le cariche della polizia contro i lavoratori a Pomigliano e all\u2019Innse di Milano.<br \/>\nEpifani evoca le richieste, inascoltate, fatte al governo in dicembre su pensioni, mezzogiorno, cassa integrazione, tasse, precari.<br \/>\nRiccardo Icona &#8211; \u201cSenza lavoro\u201d, Rai 3, domenica 15 febbraio \u2013 documenta la catastrofe (<a href=\"http:\/\/www.presadiretta.rai.it\">http:\/\/www.presadiretta.rai.it<\/a>). La visione della puntata integrale \u00e8 utile spunto per i giorni passati e quelli a venire.<br \/>\n<strong><em>(Giovanna Profumo)<\/em><\/strong><\/p>\n","protected":false},"excerpt":{"rendered":"<p>Due enormi striscioni bianchi percorrono in tutta la sua lunghezza un terrapieno davanti al Colosseo: \u201cA TARANTO DI INQUINAMENTO E LAVORO SI MUORE\u201d. Le grandi lettere compongono le parole in verticale. La firma \u00e8 di un gruppo di giovani i Tarantini fuori sede, studenti universitari che, dalla capitale, tengono d\u2019occhio la loro citt\u00e0. Il corteo [&hellip;]<\/p>\n","protected":false},"author":1,"featured_media":0,"comment_status":"open","ping_status":"closed","sticky":false,"template":"","format":"standard","meta":{"footnotes":""},"categories":[222,8],"tags":[],"class_list":["post-1820","post","type-post","status-publish","format-standard","hentry","category-222","category-lavoro"],"_links":{"self":[{"href":"https:\/\/www.olinews.it\/mt\/index.php?rest_route=\/wp\/v2\/posts\/1820","targetHints":{"allow":["GET"]}}],"collection":[{"href":"https:\/\/www.olinews.it\/mt\/index.php?rest_route=\/wp\/v2\/posts"}],"about":[{"href":"https:\/\/www.olinews.it\/mt\/index.php?rest_route=\/wp\/v2\/types\/post"}],"author":[{"embeddable":true,"href":"https:\/\/www.olinews.it\/mt\/index.php?rest_route=\/wp\/v2\/users\/1"}],"replies":[{"embeddable":true,"href":"https:\/\/www.olinews.it\/mt\/index.php?rest_route=%2Fwp%2Fv2%2Fcomments&post=1820"}],"version-history":[{"count":0,"href":"https:\/\/www.olinews.it\/mt\/index.php?rest_route=\/wp\/v2\/posts\/1820\/revisions"}],"wp:attachment":[{"href":"https:\/\/www.olinews.it\/mt\/index.php?rest_route=%2Fwp%2Fv2%2Fmedia&parent=1820"}],"wp:term":[{"taxonomy":"category","embeddable":true,"href":"https:\/\/www.olinews.it\/mt\/index.php?rest_route=%2Fwp%2Fv2%2Fcategories&post=1820"},{"taxonomy":"post_tag","embeddable":true,"href":"https:\/\/www.olinews.it\/mt\/index.php?rest_route=%2Fwp%2Fv2%2Ftags&post=1820"}],"curies":[{"name":"wp","href":"https:\/\/api.w.org\/{rel}","templated":true}]}}