{"id":1822,"date":"2009-02-25T16:32:48","date_gmt":"2009-02-25T16:32:48","guid":{"rendered":"http:\/\/www.comevedonoidaltonici.com\/wordpress\/?p=1822"},"modified":"2009-02-25T16:32:48","modified_gmt":"2009-02-25T16:32:48","slug":"pd-se-i-proprietari-si-facessero-vivi","status":"publish","type":"post","link":"https:\/\/www.olinews.it\/mt\/?p=1822","title":{"rendered":"PD &#8211; Se i proprietari si facessero vivi"},"content":{"rendered":"<p><img loading=\"lazy\" decoding=\"async\" src=\"http:\/\/www.olinews.it\/mt\/images\/pd.jpeg\" alt=\"\" width=\"124\" height=\"91\" border=\"1\" align=\"left\" hspace=\"5\">La domanda si presenta inaspettata, dopo una giornata qualsiasi che non ha niente a che vedere con quelle passate di Veltroni o Franceschini. E se vogliamo di D\u2019Alema o Bersani. Si tratta di un quesito birichino e inadeguato che gli umani \u2013 vedi elettori \u2013 normalmente non si pongono perch\u00e9 cosa gli appartiene, infine, di questa societ\u00e0?<br \/>\nIl gioco delle parti suggerisce ruoli precisi nei quali si \u00e8 partito solo in piazza o in campagna elettorale. Come si trattasse di una chiamata alle armi, nella quale chi pu\u00f2 sceglie il proprio esercito, sentendosi &#8211; anche in minima parte &#8211; fattore determinate. Poi, a fine giochi, tutti a casa.<\/p>\n<p><!--more--><br \/>\nSistematicamente \u00e8 accaduto, negli ultimi anni, che quel tutti a casa ha generato nelle anime del centro sinistra uno stato di resa profondo. Senso di sconfitta davanti all\u2019ineluttabile. Per trasformarsi poi in giudizio implacabile di una classe dirigente incapace di riconosce e battersi per questioni elementari, soggiogata dal confronto con una destra scaltra a trovare il peggio degli italiani, mutandolo in valore.<br \/>\nDi chi \u00e8 il Pd? E\u2019 la domanda che potrebbero porsi tutti coloro che oggi non hanno rappresentanza e che vedono spegnersi quel che resta del meglio dell\u2019Italia. Insieme ai tristi dalla politica e a coloro che con alla sconfitta di Soru hanno visto la sconfitta di un loro ideale.<br \/>\nImmaginare questo esercito di delusi \u00e8 facile anche per i pi\u00f9 pragmatici. La capacit\u00e0 di rivolgersi anche a loro e di accogliere quelle voci spente \u00e8 l\u2019obbiettivo che si dovrebbe porre chi nel Pd occupa posti di rilievo a livello locale e nazionale. Come se le due parti, infine, trovassero un luogo dove incontrarsi. Come se il Pd &#8211; lungi dal diventare inferno per le differenti anime del centro sinistra &#8211; diventasse campo base per una partenza.<br \/>\nCircola voce \u2013 purtroppo \u2013 che non ci sia nulla da fare. Che il partito sia morto. O che sia abitato da molta gente cattiva, intenta solo a far i propri interessi, lontana da quell\u2019attenzione per la collettivit\u00e0 che dovrebbe animare chi della politica fa la propria mission quotidiana. Pare che questa sia infine la ragione per cui molti, dal partito, stanno alla larga.<br \/>\nE\u2019 certo che anche i pi\u00f9 volenterosi si siano sentiti affranti dal mondo in cui i temi pi\u00f9 scottanti sono stati affrontanti o dimenticati dal Pd. Costernati al punto che il partito non \u00e8 pi\u00f9 cosa loro, ma fa parte delle fatalit\u00e0 che chiunque incontra sul suo cammino.<br \/>\nDi chi \u00e8 il Pd? Non \u00e8 un programma. E nemmeno manifesto. E\u2019 solo un faticoso spunto di riflessione dal quale, almeno, si potrebbe osare.<br \/>\n<strong><em>(Giovanna Profumo)<\/em><\/strong><\/p>\n","protected":false},"excerpt":{"rendered":"<p>La domanda si presenta inaspettata, dopo una giornata qualsiasi che non ha niente a che vedere con quelle passate di Veltroni o Franceschini. E se vogliamo di D\u2019Alema o Bersani. Si tratta di un quesito birichino e inadeguato che gli umani \u2013 vedi elettori \u2013 normalmente non si pongono perch\u00e9 cosa gli appartiene, infine, di [&hellip;]<\/p>\n","protected":false},"author":1,"featured_media":0,"comment_status":"open","ping_status":"closed","sticky":false,"template":"","format":"standard","meta":{"footnotes":""},"categories":[223,22],"tags":[],"class_list":["post-1822","post","type-post","status-publish","format-standard","hentry","category-223","category-ambiente"],"_links":{"self":[{"href":"https:\/\/www.olinews.it\/mt\/index.php?rest_route=\/wp\/v2\/posts\/1822","targetHints":{"allow":["GET"]}}],"collection":[{"href":"https:\/\/www.olinews.it\/mt\/index.php?rest_route=\/wp\/v2\/posts"}],"about":[{"href":"https:\/\/www.olinews.it\/mt\/index.php?rest_route=\/wp\/v2\/types\/post"}],"author":[{"embeddable":true,"href":"https:\/\/www.olinews.it\/mt\/index.php?rest_route=\/wp\/v2\/users\/1"}],"replies":[{"embeddable":true,"href":"https:\/\/www.olinews.it\/mt\/index.php?rest_route=%2Fwp%2Fv2%2Fcomments&post=1822"}],"version-history":[{"count":0,"href":"https:\/\/www.olinews.it\/mt\/index.php?rest_route=\/wp\/v2\/posts\/1822\/revisions"}],"wp:attachment":[{"href":"https:\/\/www.olinews.it\/mt\/index.php?rest_route=%2Fwp%2Fv2%2Fmedia&parent=1822"}],"wp:term":[{"taxonomy":"category","embeddable":true,"href":"https:\/\/www.olinews.it\/mt\/index.php?rest_route=%2Fwp%2Fv2%2Fcategories&post=1822"},{"taxonomy":"post_tag","embeddable":true,"href":"https:\/\/www.olinews.it\/mt\/index.php?rest_route=%2Fwp%2Fv2%2Ftags&post=1822"}],"curies":[{"name":"wp","href":"https:\/\/api.w.org\/{rel}","templated":true}]}}