{"id":1824,"date":"2009-02-25T16:36:53","date_gmt":"2009-02-25T16:36:53","guid":{"rendered":"http:\/\/www.comevedonoidaltonici.com\/wordpress\/?p=1824"},"modified":"2009-02-25T16:36:53","modified_gmt":"2009-02-25T16:36:53","slug":"cornigliano-il-fantasma-delle-acciaierie","status":"publish","type":"post","link":"https:\/\/www.olinews.it\/mt\/?p=1824","title":{"rendered":"Cornigliano &#8211; Il fantasma delle acciaierie"},"content":{"rendered":"<p>Strana giornata quella di venerd\u00ec 20 febbraio per le Acciaierie di Cornigliano, anzi per il loro fantasma mentale, in due diverse sale genovesi.<br \/>\nDa un lato tirate in causa in modo insolitamente rude ed esplicito da chi \u00e8 venuto da fuori, da Vendola, che nella sala pi\u00f9 che gremita in cui \u00e8 riunita la \u201cCostituente per la sinistra\u201d dice con bella veemenza: \u201cTroppo facile fare come ha fatto Riva, a comprarsi a prezzo di saldo un\u2019area d\u2019oro. Certo, ora \u00e8 un po\u2019 arrabbiato con me perch\u00e9 gli sto chiedendo di restituire un po\u2019 dei soldi che si \u00e8 fatto per sanare i problemi ambientali e della sicurezza\u201d (applausi convinti e liberatori).<\/p>\n<p><!--more--><br \/>\nDall\u2019altro completamente ignorate nel genovesissimo documentario \u201cCornigliano, nostalgie del mare, memorie di acciaio\u201d realizzato da Salvatore Vento e Ugo Nuzzo in collaborazione con la Societ\u00e0 per Cornigliano e l\u2019Archivio Ansaldo.<br \/>\nNella sala cinematografica Amici del Cinema le 50 o 60 persone presenti vedono le immagini della spiaggia perduta, castello Raggio, le barche, i bagnanti. Poi la nascita della Italsider, i dirigenti, il lavoro, la professionalit\u00e0, la politica sociale e culturale della azienda, il rapporto col quartiere, le donne del Coordinamento di fabbrica, il salario sociale, la visita del Papa\u2026 Il passaggio alla gestione Riva e lo scivolamento verso la dismissione seguono dolcemente, senza scosse. Poi la distruzione dei gasometri e degli impianti col suo fascino estetico, il quartiere che cambia, gli immigrati, gli esercizi commerciali e il mercato immobiliare che si adattano alla nuova realt\u00e0.<br \/>\nLe ipotesi sul futuro appaiono vuote e lisce come le immagini dei nuovi spazi aperti e spianati. Un sacerdote parla della idea di un parco giochi. Patrizia Avagnina evoca potenziali unit\u00e0 produttive ciascuna magari non grandissima, ma che nel loro insieme\u2026 Nessuno nomina il fatto che l\u00ec una fabbrica c\u2019\u00e8 ancora, si chiama Acciaierie di Cornigliano, 2000 lavoratori, 1000 in cassa integrazione. Una voce dal pubblico chiede notizie. La risposta \u00e8 gentile, imbarazzata:<br \/>\n&#8211; S\u00ec, \u00e8 vero, ma questo non \u00e8 un documentario sulla condizione operaia.<br \/>\n&#8211; Ma cosa c\u2019entra, qui si parla delle prospettive del territorio.<br \/>\n&#8211; Dovevamo scegliere, non abbiamo parlato nemmeno di Guido Rossa.<br \/>\n<strong><em>(Paola Pierantoni)<\/em><\/strong><\/p>\n","protected":false},"excerpt":{"rendered":"<p>Strana giornata quella di venerd\u00ec 20 febbraio per le Acciaierie di Cornigliano, anzi per il loro fantasma mentale, in due diverse sale genovesi. Da un lato tirate in causa in modo insolitamente rude ed esplicito da chi \u00e8 venuto da fuori, da Vendola, che nella sala pi\u00f9 che gremita in cui \u00e8 riunita la \u201cCostituente [&hellip;]<\/p>\n","protected":false},"author":1,"featured_media":0,"comment_status":"open","ping_status":"closed","sticky":false,"template":"","format":"standard","meta":{"footnotes":""},"categories":[223,8],"tags":[],"class_list":["post-1824","post","type-post","status-publish","format-standard","hentry","category-223","category-lavoro"],"_links":{"self":[{"href":"https:\/\/www.olinews.it\/mt\/index.php?rest_route=\/wp\/v2\/posts\/1824","targetHints":{"allow":["GET"]}}],"collection":[{"href":"https:\/\/www.olinews.it\/mt\/index.php?rest_route=\/wp\/v2\/posts"}],"about":[{"href":"https:\/\/www.olinews.it\/mt\/index.php?rest_route=\/wp\/v2\/types\/post"}],"author":[{"embeddable":true,"href":"https:\/\/www.olinews.it\/mt\/index.php?rest_route=\/wp\/v2\/users\/1"}],"replies":[{"embeddable":true,"href":"https:\/\/www.olinews.it\/mt\/index.php?rest_route=%2Fwp%2Fv2%2Fcomments&post=1824"}],"version-history":[{"count":0,"href":"https:\/\/www.olinews.it\/mt\/index.php?rest_route=\/wp\/v2\/posts\/1824\/revisions"}],"wp:attachment":[{"href":"https:\/\/www.olinews.it\/mt\/index.php?rest_route=%2Fwp%2Fv2%2Fmedia&parent=1824"}],"wp:term":[{"taxonomy":"category","embeddable":true,"href":"https:\/\/www.olinews.it\/mt\/index.php?rest_route=%2Fwp%2Fv2%2Fcategories&post=1824"},{"taxonomy":"post_tag","embeddable":true,"href":"https:\/\/www.olinews.it\/mt\/index.php?rest_route=%2Fwp%2Fv2%2Ftags&post=1824"}],"curies":[{"name":"wp","href":"https:\/\/api.w.org\/{rel}","templated":true}]}}