{"id":1831,"date":"2009-03-04T09:21:34","date_gmt":"2009-03-04T09:21:34","guid":{"rendered":"http:\/\/www.comevedonoidaltonici.com\/wordpress\/?p=1831"},"modified":"2009-03-04T09:21:34","modified_gmt":"2009-03-04T09:21:34","slug":"appello-per-il-diritto-alla-liberta-di-cura","status":"publish","type":"post","link":"https:\/\/www.olinews.it\/mt\/?p=1831","title":{"rendered":"Appello per il diritto alla libert\u00e0 di cura"},"content":{"rendered":"<p><em>L\u2019appello per il testamento biologico di seguito riprodotto ha raccolto finora circa 200.000 adesioni. Per sottoscriverlo cliccare su<a href=\" http:\/\/testamentobiologico.ilcannocchiale.it\/\"> http:\/\/testamentobiologico.ilcannocchiale.it\/<\/a><br \/>\n<\/em><br \/>\nRispettiamo l&#8217;Articolo 32 della Costituzione<br \/>\nIl Parlamento, con molti anni di ritardo e sull&#8217;onda emotiva legata alla drammatica vicenda di Eluana Englaro, si prepara a discutere e votare una legge sul testamento biologico.<br \/>\nDopo quasi 15 anni di discussioni, chiediamo che il Parlamento approvi questo importantissimo provvedimento che riguarda la vita di ciascun cittadino. Il Parlamento, dove siedono i rappresentanti del popolo, deve infatti tenere conto dell&#8217;orientamento generale degli italiani.<br \/>\nRivendichiamo l&#8217;indipendenza dei cittadini nella scelta delle terapie, come scritto nella Costituzione.<br \/>\nRivendichiamo tale diritto per tutte le persone, per coloro che possono parlare e decidere, e anche per chi ha perso l&#8217;integrit\u00e0 intellettiva e non pu\u00f2 pi\u00f9 comunicare, ma ha lasciato precise indicazioni sulle proprie volont\u00e0.<br \/>\nChiediamo che la legge sul testamento biologico rispetti il diritto di ogni persona a poter scegliere.<br \/>\nChiediamo una legge che dia a chi lo vuole, e solo a chi lo vuole, la possibilit\u00e0 di indicare, quando si \u00e8 pienamente consapevoli e informati, le terapie alle quali si vuole essere sottoposti, cos\u00ec come quelle che si intendono rifiutare, se un giorno si perder\u00e0 la coscienza e con essa la possibilit\u00e0 di esprimersi.<br \/>\nChiediamo una legge che anche nel nostro Paese dia le giuste regole in questa materia, ma rifiutiamo che una qualunque terapia o trattamento medico siano imposti dallo Stato contro la volont\u00e0 espressa del cittadino.<br \/>\n<strong>Vogliamo una legge che confermi il diritto alla salute ma non il dovere alle terapie.<br \/>\nVogliamo una legge di libert\u00e0, che confermi ci\u00f2 che \u00e8 indicato nella Costituzione. <\/strong><\/p>\n","protected":false},"excerpt":{"rendered":"<p>L\u2019appello per il testamento biologico di seguito riprodotto ha raccolto finora circa 200.000 adesioni. Per sottoscriverlo cliccare su http:\/\/testamentobiologico.ilcannocchiale.it\/ Rispettiamo l&#8217;Articolo 32 della Costituzione Il Parlamento, con molti anni di ritardo e sull&#8217;onda emotiva legata alla drammatica vicenda di Eluana Englaro, si prepara a discutere e votare una legge sul testamento biologico. Dopo quasi 15 [&hellip;]<\/p>\n","protected":false},"author":1,"featured_media":0,"comment_status":"open","ping_status":"closed","sticky":false,"template":"","format":"standard","meta":{"footnotes":""},"categories":[224],"tags":[],"class_list":["post-1831","post","type-post","status-publish","format-standard","hentry","category-224"],"_links":{"self":[{"href":"https:\/\/www.olinews.it\/mt\/index.php?rest_route=\/wp\/v2\/posts\/1831","targetHints":{"allow":["GET"]}}],"collection":[{"href":"https:\/\/www.olinews.it\/mt\/index.php?rest_route=\/wp\/v2\/posts"}],"about":[{"href":"https:\/\/www.olinews.it\/mt\/index.php?rest_route=\/wp\/v2\/types\/post"}],"author":[{"embeddable":true,"href":"https:\/\/www.olinews.it\/mt\/index.php?rest_route=\/wp\/v2\/users\/1"}],"replies":[{"embeddable":true,"href":"https:\/\/www.olinews.it\/mt\/index.php?rest_route=%2Fwp%2Fv2%2Fcomments&post=1831"}],"version-history":[{"count":0,"href":"https:\/\/www.olinews.it\/mt\/index.php?rest_route=\/wp\/v2\/posts\/1831\/revisions"}],"wp:attachment":[{"href":"https:\/\/www.olinews.it\/mt\/index.php?rest_route=%2Fwp%2Fv2%2Fmedia&parent=1831"}],"wp:term":[{"taxonomy":"category","embeddable":true,"href":"https:\/\/www.olinews.it\/mt\/index.php?rest_route=%2Fwp%2Fv2%2Fcategories&post=1831"},{"taxonomy":"post_tag","embeddable":true,"href":"https:\/\/www.olinews.it\/mt\/index.php?rest_route=%2Fwp%2Fv2%2Ftags&post=1831"}],"curies":[{"name":"wp","href":"https:\/\/api.w.org\/{rel}","templated":true}]}}