{"id":1834,"date":"2009-03-04T15:16:57","date_gmt":"2009-03-04T15:16:57","guid":{"rendered":"http:\/\/www.comevedonoidaltonici.com\/wordpress\/?p=1834"},"modified":"2009-03-04T15:16:57","modified_gmt":"2009-03-04T15:16:57","slug":"boccadasse-confronto-pubblico-sempre-piu-difficile","status":"publish","type":"post","link":"https:\/\/www.olinews.it\/mt\/?p=1834","title":{"rendered":"Boccadasse &#8211; Confronto pubblico sempre pi\u00f9 difficile"},"content":{"rendered":"<p>&#8211; Ridateci i bus -, questo il coro che ad un certo punto risuona nell&#8217;Auditorium del Conservatorio Paganini, il giorno della presentazione del progetto dell&#8217;Autorimessa di Boccadasse, luned\u00ec 2 marzo alla presenza del sindaco MartaVincenzi. Parole imbarazzanti anche per un architetto scafato come Botta, abituato a discutere da Baden a Shangai: vacilla un po&#8217; l&#8217;archistar e si dice pronto a rivedere i suoi disegni, senza alterarne la cifra s&#8217;intende, ma disponibile alla discussione per migliorare il suo lavoro. L&#8217;Assemblea si scioglie; lampi della stampa, riprese, interviste, prima e dopo il dibattito. Ed \u00e8 un peccato, si \u00e8 persa un&#8217;occasione per discutere l&#8217;idea di citt\u00e0 che la Sindaco vorrebbe con il suo Urban Lab, lei che sottolinea nell&#8217;introduzione come l&#8217;area dismessa sia un&#8217; eredit\u00e0, ma comunque un&#8217;opportunit\u00e0 per rivedere concezioni che altrove gi\u00e0 si fanno strada: non pi\u00f9 un&#8217;estensione dell&#8217;abitato con alti costi sociali, dalle reti fognarie alle strade, ai servizi. Un ritorno all&#8217;interno invece, un recupero del costruito, gi\u00e0 attrezzato. Cos\u00ec come l&#8217;idea della &#8220;corte&#8221; aperta dello scapigliato Botta, per spiegare il verde dentro e non fuori dell&#8217;edificato, da percorrere in tutti i suoi spazi, attraversandolo per farne un centro vissuto, uno stare insieme.<\/p>\n<p><!--more--><br \/>\nIl comitato che tante firme ha raccolto \u00e8 un po&#8217; spiazzato, a denti stretti, partiva dall&#8217;idea che i volumi non fossero in discussione, ma l&#8217;impatto delle altezze, del verde, della sostenibilit\u00e0, il tipo di costruzione fossero temi da dibattere. Con la presentazione per\u00f2 di pi\u00f9 progetti ed invece se n&#8217;\u00e8 visto presentare uno solo. Parte del pubblico contesta, non vorrebbe nulla, non accetta il nuovo, il moderno, al pi\u00f9 edifici che ricordino lo stile ligure. Fa inorridire la proposta di porticati, come se in tante parti d&#8217;Italia i portici non siano sempre stati solo mero riparo dal freddo, ma pure luoghi d&#8217;aggregazione, d&#8217;incontro. Oggi non pi\u00f9. Suscitano paura, esprimono, a torto o a ragione, l&#8217;incertezza, il senso d&#8217;insicurezza che questo tempo, la politica, la crisi, i media hanno contribuito ad alimentare. Bar, ristoranti, negozi nella corte? Solo fastidio e rumore, forse non si riuscir\u00e0 a sentire la tv con le finestre aperte. Giovent\u00f9 che chiacchiera, vociare di ragazzi: non val la pena chiedere di abbassare la voce a drogati, perdigiorno, che occupano i parcheggi di chi abita il quartiere, si sente borbottare.<br \/>\nCi s&#8217;infiamma per le altezze, il vero unico tema essenziale, la vivibilit\u00e0, l&#8217;impatto del traffico, la sosta, si perde per\u00f2 il dialogo sull&#8217;architettura. Fra interventi confusi, viscerali, una voce dissonante rispetto ai ragionamenti di Botta, quella di uno studente: &#8211; Ma perch\u00e9 l&#8217;idea della corte, che altrove \u00e8 sempre stata un luogo chiuso, perch\u00e8 andare da una parte all&#8217;altra dell&#8217;abitato? E perch\u00e8 soprattutto non si \u00e8 fatto un concorso per portare nuove idee? Tutto sembra cos\u00ec imposto dall&#8217;alto\u2026<br \/>\nOccasione persa per tutti. Per chi non ha apprezzato la buona volont\u00e0 dell&#8217;Amministrazione, vincolata a rispettare l&#8217;acquisto di un privato di un&#8217;area pubblica e che vorrebbe proporre un progetto innovativo. Che propone un iter partecipato per venire incontro ai residenti; punto di partenza per un percorso di condivisione. E\u2019 positivo e un ringraziamento alla Sindaco \u00e8 doveroso. Peccato arrivarci con un solo progetto e l&#8217;archistar nel taschino!<br \/>\n<em><strong>(Bianca Vergati) <\/strong><\/em><\/p>\n","protected":false},"excerpt":{"rendered":"<p>&#8211; Ridateci i bus -, questo il coro che ad un certo punto risuona nell&#8217;Auditorium del Conservatorio Paganini, il giorno della presentazione del progetto dell&#8217;Autorimessa di Boccadasse, luned\u00ec 2 marzo alla presenza del sindaco MartaVincenzi. Parole imbarazzanti anche per un architetto scafato come Botta, abituato a discutere da Baden a Shangai: vacilla un po&#8217; l&#8217;archistar [&hellip;]<\/p>\n","protected":false},"author":1,"featured_media":0,"comment_status":"open","ping_status":"closed","sticky":false,"template":"","format":"standard","meta":{"footnotes":""},"categories":[224,22,20],"tags":[],"class_list":["post-1834","post","type-post","status-publish","format-standard","hentry","category-224","category-ambiente","category-citta"],"_links":{"self":[{"href":"https:\/\/www.olinews.it\/mt\/index.php?rest_route=\/wp\/v2\/posts\/1834","targetHints":{"allow":["GET"]}}],"collection":[{"href":"https:\/\/www.olinews.it\/mt\/index.php?rest_route=\/wp\/v2\/posts"}],"about":[{"href":"https:\/\/www.olinews.it\/mt\/index.php?rest_route=\/wp\/v2\/types\/post"}],"author":[{"embeddable":true,"href":"https:\/\/www.olinews.it\/mt\/index.php?rest_route=\/wp\/v2\/users\/1"}],"replies":[{"embeddable":true,"href":"https:\/\/www.olinews.it\/mt\/index.php?rest_route=%2Fwp%2Fv2%2Fcomments&post=1834"}],"version-history":[{"count":0,"href":"https:\/\/www.olinews.it\/mt\/index.php?rest_route=\/wp\/v2\/posts\/1834\/revisions"}],"wp:attachment":[{"href":"https:\/\/www.olinews.it\/mt\/index.php?rest_route=%2Fwp%2Fv2%2Fmedia&parent=1834"}],"wp:term":[{"taxonomy":"category","embeddable":true,"href":"https:\/\/www.olinews.it\/mt\/index.php?rest_route=%2Fwp%2Fv2%2Fcategories&post=1834"},{"taxonomy":"post_tag","embeddable":true,"href":"https:\/\/www.olinews.it\/mt\/index.php?rest_route=%2Fwp%2Fv2%2Ftags&post=1834"}],"curies":[{"name":"wp","href":"https:\/\/api.w.org\/{rel}","templated":true}]}}