{"id":1837,"date":"2009-03-04T15:52:51","date_gmt":"2009-03-04T15:52:51","guid":{"rendered":"http:\/\/www.comevedonoidaltonici.com\/wordpress\/?p=1837"},"modified":"2009-03-04T15:52:51","modified_gmt":"2009-03-04T15:52:51","slug":"universita-affari-immobiliari-sospetti","status":"publish","type":"post","link":"https:\/\/www.olinews.it\/mt\/?p=1837","title":{"rendered":"Universit\u00e0 &#8211; Affari immobiliari sospetti"},"content":{"rendered":"<p>Se volete mettere mano al tetto di casa vostra lasciate perdere l\u2019azienda estrattiva \u201cCave di Yarm\u201d. Il loro sito &#8211; raggiungibile dalla rete &#8211; \u00e8 muto, non interessato a possibili clienti. E\u2019 perch\u00e9 la societ\u00e0, dal 2004, ha chiuso bottega e le sue quote sono state trasferite ad una societ\u00e0 anonima svizzera la Configeim che al momento \u00e8 in liquidazione. Insomma Yarm \u00e8 sparita ma anche prima di volatilizzarsi se ne sapeva poco e niente salvo che si occupava solo di affari importanti e quindi riservati, molto riservati. Come ha scritto <em>Repubblica <\/em>l\u201911 febbraio scorso: \u201cAffari sospetti, bufera sull\u2019Universit\u00e0\u201d. La bufera abbattutasi sull\u2019Universit\u00e0 dipende dal fatto che nel 2001 l\u2019Universit\u00e0 ha comprato dalla Yarm non sabbia o tegole ma un intero palazzo, il prestigioso edificio di corso Andrea Podest\u00e0, ex sede dell\u2019Eridania divenuto in seguito all\u2019acquisto sede della facolt\u00e0 universitaria di \u201cScienze della comunicazione\u201d.<\/p>\n<p><!--more--><br \/>\nMesso sul mercato immobiliare nel 2000, quando l\u2019Eridania si trasferiva a Ferrara, l\u2019edificio \u00e8 stato acquistato dalle Cave di Yarm srl per 17 miliardi di lire per essere dalla stessa societ\u00e0 rivenduto nel 2001\u2013 sette mesi dopo! \u2013 all\u2019Universit\u00e0. A che prezzo? Pi\u00f9 del doppio: 31 miliardi per l\u2019acquisto pi\u00f9 4 miliardi di spese di ristrutturazione. Affare nell\u2019affare: le Cave di Yarm accettavano in conto pagamento di 2,4 miliardi un immobile dell\u2019Universit\u00e0 che sul mercato valeva una cifra superiore.<br \/>\nTutta la storia esplode tra 2007 e 2008: prima sussurrata poi denunciata \u2013 un po\u2019 troppo tardivamente \u2013 dalla stessa universit\u00e0 che nel frattempo ha un altro rettore. Iniziano in parallelo l\u2019indagine della Corte dei conti che deve accertare il danno all\u2019erario e della Procura della repubblica che deve scoprire quali argomenti possano avere spinto l\u2019Universit\u00e0 ad acquistare da Yarm e non direttamente da Eridania \u2013 visto che l\u2019immobile era gi\u00e0 nella prospettiva di un insediamento universitario \u2013 e specialmente ad accettare prezzo di acquisto (e di vendita di un suo bene) giudicato fuori mercato.<br \/>\nSolo un caso di malaffare o di funzionari infedeli? Sembra purtroppo che ci sia di pi\u00f9. E il di pi\u00f9 \u00e8 che Configeim, la societ\u00e0 in liquidazione che ha ereditato le quote di Yarm, \u00e8 oggetto da tempo di altre indagini che coinvolgono anche Levante Assicurazioni (oggi Carige Assicurazioni) e i suoi amministratori. <em>Repubblica <\/em>del 19 giugno 2008 (\u201cCave di Yarm, la societ\u00e0 apriscatole Levante, Carige e crack Festival\u201d) scriveva che la Cave di Yarm, srl creata nel 1992, era tornata a segnalarsi nel 2002, quando Paolo Arvigo, all&#8217; epoca amministratore dell&#8217; azienda che aveva sede a Genova era finito in un lungo elenco di indagati tra cui \u201cpezzi da novanta della Carige come Ferdinando Menconi\u201d. Nel 2004 la Cave di Yarm aveva venduto all&#8217; immobiliare Casacce &#8211; societ\u00e0 controllata da una lussemburghese &#8211; un palazzo che a sua volta l&#8217; immobiliare aveva affittato alla Festival. La magistratura aveva scoperto che l&#8217; immobiliare era di un commercialista i cui soci di studio erano amministratori di Festival.<br \/>\nYarm, Assicurazioni, Carige, Festival e ora anche l\u2019Universit\u00e0: Genova per noi.<br \/>\n<strong><em>(Manlio Calegari)<\/em><\/strong><\/p>\n","protected":false},"excerpt":{"rendered":"<p>Se volete mettere mano al tetto di casa vostra lasciate perdere l\u2019azienda estrattiva \u201cCave di Yarm\u201d. Il loro sito &#8211; raggiungibile dalla rete &#8211; \u00e8 muto, non interessato a possibili clienti. E\u2019 perch\u00e9 la societ\u00e0, dal 2004, ha chiuso bottega e le sue quote sono state trasferite ad una societ\u00e0 anonima svizzera la Configeim che [&hellip;]<\/p>\n","protected":false},"author":1,"featured_media":0,"comment_status":"open","ping_status":"closed","sticky":false,"template":"","format":"standard","meta":{"footnotes":""},"categories":[224,20,23],"tags":[],"class_list":["post-1837","post","type-post","status-publish","format-standard","hentry","category-224","category-citta","category-scuola-e-universita"],"_links":{"self":[{"href":"https:\/\/www.olinews.it\/mt\/index.php?rest_route=\/wp\/v2\/posts\/1837","targetHints":{"allow":["GET"]}}],"collection":[{"href":"https:\/\/www.olinews.it\/mt\/index.php?rest_route=\/wp\/v2\/posts"}],"about":[{"href":"https:\/\/www.olinews.it\/mt\/index.php?rest_route=\/wp\/v2\/types\/post"}],"author":[{"embeddable":true,"href":"https:\/\/www.olinews.it\/mt\/index.php?rest_route=\/wp\/v2\/users\/1"}],"replies":[{"embeddable":true,"href":"https:\/\/www.olinews.it\/mt\/index.php?rest_route=%2Fwp%2Fv2%2Fcomments&post=1837"}],"version-history":[{"count":0,"href":"https:\/\/www.olinews.it\/mt\/index.php?rest_route=\/wp\/v2\/posts\/1837\/revisions"}],"wp:attachment":[{"href":"https:\/\/www.olinews.it\/mt\/index.php?rest_route=%2Fwp%2Fv2%2Fmedia&parent=1837"}],"wp:term":[{"taxonomy":"category","embeddable":true,"href":"https:\/\/www.olinews.it\/mt\/index.php?rest_route=%2Fwp%2Fv2%2Fcategories&post=1837"},{"taxonomy":"post_tag","embeddable":true,"href":"https:\/\/www.olinews.it\/mt\/index.php?rest_route=%2Fwp%2Fv2%2Ftags&post=1837"}],"curies":[{"name":"wp","href":"https:\/\/api.w.org\/{rel}","templated":true}]}}