{"id":184,"date":"2004-11-22T01:45:53","date_gmt":"2004-11-22T01:45:53","guid":{"rendered":"http:\/\/www.comevedonoidaltonici.com\/wordpress\/?p=184"},"modified":"2004-11-22T01:45:53","modified_gmt":"2004-11-22T01:45:53","slug":"riforma-del-codice-militare-galera-ai-giornalisti-indiscreti-sulla-guerra","status":"publish","type":"post","link":"https:\/\/www.olinews.it\/mt\/?p=184","title":{"rendered":"<i>Riforma del codice militare<\/i>. Galera ai giornalisti indiscreti sulla guerra"},"content":{"rendered":"<p>Perch\u00e9 certe notizie relative alla libert\u00e0 d\u2019informazione sono reperibili solo sull\u2019Unit\u00e0? La domanda non \u00e8 n\u00e9 ingenua n\u00e9 retorica, dal momento che si tratta di diritti che dovrebbero interessare da vicino l\u2019intera societ\u00e0 civile e in modo particolarmente diretto i media. Che invece tacciono.<\/p>\n<p><!--more--><br \/>\nL\u2019ultima occasione mancata dal cosiddetto cane da guardia della pubblica opinione, si riferisce a una riforma \u201cmirata\u201d del codice penale militare. L\u2019ha voluta il centro-destra per colpire con pene gravissime e lunghe detenzioni i giornalisti che violino le censure imposte non solo sulle operazioni di guerra, ma anche sulle cosiddette missioni di pace, come in Irak. Coerente con la sua matrice autoritaria, intollerante verso notizie imbarazzanti e a ogni forma di critica, l\u2019attuale maggioranza ha proposto e ottenuto al Senato la modifica degli articoli 72 e 73 del codice: in tal modo segreto e censura \u2013avverte una recente nota dell\u2019Unit\u00e0\u2013 vengono estesi su quanto sta succedendo per esempio a Nassyria.<br \/>\nIl caso sconcertante \u2013tanto per citarne uno\u2013 dei gagliardetti fascisti affissi nella sede del nostro comando generale, caso emerso dalle foto scattate dopo l\u2019attacco devastante alla base italiana, non sarebbe mai emerso. Ma soprattutto non sarebbero pi\u00f9 ammessi dubbi o interrogativi che invece stanno affiorando sempre pi\u00f9 numerosi sulle atrocit\u00e0 commesse da ogni parte nella guerriglia che insanguina l\u2019Irak. Gli ambienti militari pi\u00f9 retrivi vogliono mani libere, niente  indiscrezioni o scoop che mettano in luce la faccia meno nobile della spedizione \u201cumanitaria\u201d voluta dal governo italiano alleato di Bush.<br \/>\nSe la riforma, gi\u00e0 passata alla Camera, sar\u00e0 approvata anche dal Senato, i giornalisti che osassero infrangere il diktat andrebbero incontro all\u2019arresto e alla durezza del carcere militare. Tutto questo nel Belpaese dove, per volere del premier, \u00e8 stato depenalizzato il reato di falso in bilancio. Siamo gi\u00e0 al 53\u00b0 posto nella classifica della libert\u00e0 d\u2019informazione, fra i 130 paesi presi in considerazione nel mondo. In basso c\u2019\u00e8 posto.<br \/>\n<em>(Camillo Arcuri)<\/em><\/p>\n","protected":false},"excerpt":{"rendered":"<p>Newsletter n. 35<\/p>\n","protected":false},"author":1,"featured_media":0,"comment_status":"open","ping_status":"closed","sticky":false,"template":"","format":"standard","meta":{"footnotes":""},"categories":[37,13],"tags":[],"class_list":["post-184","post","type-post","status-publish","format-standard","hentry","category-37","category-informazione"],"_links":{"self":[{"href":"https:\/\/www.olinews.it\/mt\/index.php?rest_route=\/wp\/v2\/posts\/184","targetHints":{"allow":["GET"]}}],"collection":[{"href":"https:\/\/www.olinews.it\/mt\/index.php?rest_route=\/wp\/v2\/posts"}],"about":[{"href":"https:\/\/www.olinews.it\/mt\/index.php?rest_route=\/wp\/v2\/types\/post"}],"author":[{"embeddable":true,"href":"https:\/\/www.olinews.it\/mt\/index.php?rest_route=\/wp\/v2\/users\/1"}],"replies":[{"embeddable":true,"href":"https:\/\/www.olinews.it\/mt\/index.php?rest_route=%2Fwp%2Fv2%2Fcomments&post=184"}],"version-history":[{"count":0,"href":"https:\/\/www.olinews.it\/mt\/index.php?rest_route=\/wp\/v2\/posts\/184\/revisions"}],"wp:attachment":[{"href":"https:\/\/www.olinews.it\/mt\/index.php?rest_route=%2Fwp%2Fv2%2Fmedia&parent=184"}],"wp:term":[{"taxonomy":"category","embeddable":true,"href":"https:\/\/www.olinews.it\/mt\/index.php?rest_route=%2Fwp%2Fv2%2Fcategories&post=184"},{"taxonomy":"post_tag","embeddable":true,"href":"https:\/\/www.olinews.it\/mt\/index.php?rest_route=%2Fwp%2Fv2%2Ftags&post=184"}],"curies":[{"name":"wp","href":"https:\/\/api.w.org\/{rel}","templated":true}]}}