{"id":1842,"date":"2009-03-11T15:08:17","date_gmt":"2009-03-11T15:08:17","guid":{"rendered":"http:\/\/www.comevedonoidaltonici.com\/wordpress\/?p=1842"},"modified":"2009-03-11T15:08:17","modified_gmt":"2009-03-11T15:08:17","slug":"migranti-liguria-ultima-per-%e2%80%9cintegrazione%e2%80%9d","status":"publish","type":"post","link":"https:\/\/www.olinews.it\/mt\/?p=1842","title":{"rendered":"Migranti &#8211; Liguria ultima per \u201cintegrazione\u201d"},"content":{"rendered":"<p><img loading=\"lazy\" decoding=\"async\" src=\"http:\/\/www.olinews.it\/mt\/images\/immigraziones.jpg\" alt=\"\" width=\"150\" height=\"154\" border=\"1\" align=\"left\" hspace=\"5\">E\u2019 ufficiale: nessuno in Italia accoglie a braccia aperte la massa di migranti che riempiono sempre pi\u00f9 i nostri cantieri e le nostre case: nel migliore dei casi sono sopportati come un male necessario. Sono questi i sentimenti del nostro paese su cui ha scavato il sesto rapporto del Cnel (Consiglio nazionale dell\u2019economia e del lavoro <a href=\"http:\/\/www.cnel.it\">www.cnel.it<\/a>) che misura l\u2019indice di integrazione degli immigrati in Italia. Stabilito che gli immigrati sono in generale poco graditi &#8211; si legge nel rapporto \u2013 quali sono le regioni e le province italiane che hanno verso di loro un atteggiamento costruttivo? Che ne facilitano l\u2019integrazione con misure diverse (assistenza sanitaria, politiche abitative, scolastiche e simili)?<\/p>\n<p><!--more--><br \/>\nLa risposta \u00e8 che \u201cLa Liguria \u00e8 la regione del Nord in cui per gli immigrati \u00e8 pi\u00f9 difficile integrarsi\u201d (<em>Repubblica <\/em>21 febbraio 2009). E la causa non sta nella scarsa \u201cattrattivit\u00e0\u201d della nostra regione o l\u2019insoddisfazione (dei migranti) per l\u2019inserimento occupazionale \u2013 che c\u2019\u00e8 ma non \u00e8 questo che fa la differenza. E\u2019 invece dovuta al fatto che l\u2019inserimento sociale in Liguria \u2013 rispetto alle altre regioni &#8211; risulta a livelli minimi a cominciare dalla abitazione dove risultano gli affitti pi\u00f9 cari e le discriminazioni pi\u00f9 pesanti. Poi c\u2019\u00e8 la dispersione scolastica, il basso numero di naturalizzati, il basso numero di ricongiungimenti familiari. Nella classifica per province l\u2019ultima \u00e8 La Spezia, penultima Genova e, poco pi\u00f9 sopra Savona e Imperia.<br \/>\nQuesto dicono i numeri: la regione del centro sinistra, con tre province su quattro di centro sinistra, con le ben note tradizioni antifasciste e resistenziali, con sindacati prestigiosi e densi di orgoglio operaista, \u00e8 agli ultimi posti in Italia \u2013 dove nessuna regione brilla particolarmente in materia \u2013 per l\u2019accoglienza degli stranieri.<br \/>\nLa notizia pubblicata con un titolo a piena pagina non \u00e8 stata giudicata, nei giorni successivi, degna di alcun commento da parte dei protagonisti dell\u2019economia e della politica locale. Come se il rapporto del Cnel parlasse d\u2019altro.<br \/>\n<strong><em>(Manlio Calegari)<\/em><\/strong><\/p>\n","protected":false},"excerpt":{"rendered":"<p>E\u2019 ufficiale: nessuno in Italia accoglie a braccia aperte la massa di migranti che riempiono sempre pi\u00f9 i nostri cantieri e le nostre case: nel migliore dei casi sono sopportati come un male necessario. Sono questi i sentimenti del nostro paese su cui ha scavato il sesto rapporto del Cnel (Consiglio nazionale dell\u2019economia e del [&hellip;]<\/p>\n","protected":false},"author":1,"featured_media":0,"comment_status":"open","ping_status":"closed","sticky":false,"template":"","format":"standard","meta":{"footnotes":""},"categories":[225,7],"tags":[],"class_list":["post-1842","post","type-post","status-publish","format-standard","hentry","category-225","category-immigrazione"],"_links":{"self":[{"href":"https:\/\/www.olinews.it\/mt\/index.php?rest_route=\/wp\/v2\/posts\/1842","targetHints":{"allow":["GET"]}}],"collection":[{"href":"https:\/\/www.olinews.it\/mt\/index.php?rest_route=\/wp\/v2\/posts"}],"about":[{"href":"https:\/\/www.olinews.it\/mt\/index.php?rest_route=\/wp\/v2\/types\/post"}],"author":[{"embeddable":true,"href":"https:\/\/www.olinews.it\/mt\/index.php?rest_route=\/wp\/v2\/users\/1"}],"replies":[{"embeddable":true,"href":"https:\/\/www.olinews.it\/mt\/index.php?rest_route=%2Fwp%2Fv2%2Fcomments&post=1842"}],"version-history":[{"count":0,"href":"https:\/\/www.olinews.it\/mt\/index.php?rest_route=\/wp\/v2\/posts\/1842\/revisions"}],"wp:attachment":[{"href":"https:\/\/www.olinews.it\/mt\/index.php?rest_route=%2Fwp%2Fv2%2Fmedia&parent=1842"}],"wp:term":[{"taxonomy":"category","embeddable":true,"href":"https:\/\/www.olinews.it\/mt\/index.php?rest_route=%2Fwp%2Fv2%2Fcategories&post=1842"},{"taxonomy":"post_tag","embeddable":true,"href":"https:\/\/www.olinews.it\/mt\/index.php?rest_route=%2Fwp%2Fv2%2Ftags&post=1842"}],"curies":[{"name":"wp","href":"https:\/\/api.w.org\/{rel}","templated":true}]}}