{"id":1844,"date":"2009-03-11T15:13:58","date_gmt":"2009-03-11T15:13:58","guid":{"rendered":"http:\/\/www.comevedonoidaltonici.com\/wordpress\/?p=1844"},"modified":"2009-03-11T15:13:58","modified_gmt":"2009-03-11T15:13:58","slug":"8-marzo-il-corpo-delle-donne","status":"publish","type":"post","link":"https:\/\/www.olinews.it\/mt\/?p=1844","title":{"rendered":"8 marzo &#8211; Il corpo delle donne"},"content":{"rendered":"<p>Quest\u2019anno l\u20198 marzo \u00e8 trascorso all\u2019insegna degli stupri. Non donne che riempiono pagine ed affollano piazze per suggerire una trasformazione del mondo, ma pagine riempite da notizie di cronaca, statistiche, dichiarazioni, con le donne in difensiva contro una violenza materiale, ideologica e politica che le accerchia e le inchioda ad una condizione che si vorrebbe immutabile: una violenza che, indipendentemente dalle forme in cui si esprime, si basa sul considerare il corpo della donna un mero oggetto.<\/p>\n<p><!--more--><br \/>\nIncludo in questa violenza la frase di Berlusconi che di Eluana disse \u201c\u2026 potrebbe anche avere un figlio\u201d.<br \/>\nIncludo in questa violenza la scomunica pronunciata dall\u2019arcivescovo di Olinda e Recife, don Jose&#8217; Cardoso Sobrinho, contro i medici e la madre che avevano permesso l\u2019aborto di una bambina di 9 anni che aspettava due gemelli a seguito delle violenze subite dal patrigno da quando, di anni, ne aveva sei.<br \/>\nAdriano Sofri in un bellissimo articolo su &#8220;La Domenica&#8221; di Repubblica dell\u20198 marzo dice \u201cc\u2019\u00e8 una tale guerra di uomini, civili e barbari, che bastonano, e sfregiano e ammazzano donne per amore\u2026\u201d. Siamo sempre l\u00ec, alla guerra di uomini e tra uomini, con le donne in mezzo, merce di scambio, relazione, confronto. Ultima produzione nostrana, le ronde a proposito delle quali ancora Sofri dice \u201cgli uomini (bianchi) si armano per castigare la foia profanatrice degli uomini (di colore). Il linciaggio serviva a quello. Anche le ronde: regolate, per carit\u00e0, solo pensionati apolitici delle forze dell\u2019ordine. Non scandalizzatevi: tra il linciaggio e le ronde c\u2019\u00e8 un legame tanto pi\u00f9 sottile quanto pi\u00f9 rivelatore\u201d.<br \/>\nPer tutto quanto precede ritengo che il concerto per l\u20198 marzo offerto gratuitamente al pubblico dalla Fondazione Carlo Felice abbia di fatto assunto il significato di un atto politico: in un ruolo consacrato come l\u2019emblema del potere direttivo maschile, corredato da una infinita iconografia di gesti imperativi e virili, sul podio questa volta c\u2019era un corpo di donna. Non \u00e8 solo il fatto anagrafico a contare, cio\u00e8 che a dirigere ci fosse una giovane donna, Inma Shara (<a href=\"http:\/\/en.wikipedia.org\/wiki\/Inma_Shara\">http:\/\/en.wikipedia.org\/wiki\/Inma_Shara<\/a>), ma il fatto che era del tutto femminile ci\u00f2 che quel corpo faceva, il fatto che non ci fosse nella direttrice nessun adeguamento alla modalit\u00e0 gestuale consolidata dai secoli trascorsi.<br \/>\nIl suo era un corpo danzante, diverso. Con l\u2019orchestra che rispondeva alla perfezione.<br \/>\n<strong><em>(Paola Pierantoni)<\/em><\/strong><\/p>\n","protected":false},"excerpt":{"rendered":"<p>Quest\u2019anno l\u20198 marzo \u00e8 trascorso all\u2019insegna degli stupri. Non donne che riempiono pagine ed affollano piazze per suggerire una trasformazione del mondo, ma pagine riempite da notizie di cronaca, statistiche, dichiarazioni, con le donne in difensiva contro una violenza materiale, ideologica e politica che le accerchia e le inchioda ad una condizione che si vorrebbe [&hellip;]<\/p>\n","protected":false},"author":1,"featured_media":0,"comment_status":"open","ping_status":"closed","sticky":false,"template":"","format":"standard","meta":{"footnotes":""},"categories":[225,16],"tags":[],"class_list":["post-1844","post","type-post","status-publish","format-standard","hentry","category-225","category-cultura"],"_links":{"self":[{"href":"https:\/\/www.olinews.it\/mt\/index.php?rest_route=\/wp\/v2\/posts\/1844","targetHints":{"allow":["GET"]}}],"collection":[{"href":"https:\/\/www.olinews.it\/mt\/index.php?rest_route=\/wp\/v2\/posts"}],"about":[{"href":"https:\/\/www.olinews.it\/mt\/index.php?rest_route=\/wp\/v2\/types\/post"}],"author":[{"embeddable":true,"href":"https:\/\/www.olinews.it\/mt\/index.php?rest_route=\/wp\/v2\/users\/1"}],"replies":[{"embeddable":true,"href":"https:\/\/www.olinews.it\/mt\/index.php?rest_route=%2Fwp%2Fv2%2Fcomments&post=1844"}],"version-history":[{"count":0,"href":"https:\/\/www.olinews.it\/mt\/index.php?rest_route=\/wp\/v2\/posts\/1844\/revisions"}],"wp:attachment":[{"href":"https:\/\/www.olinews.it\/mt\/index.php?rest_route=%2Fwp%2Fv2%2Fmedia&parent=1844"}],"wp:term":[{"taxonomy":"category","embeddable":true,"href":"https:\/\/www.olinews.it\/mt\/index.php?rest_route=%2Fwp%2Fv2%2Fcategories&post=1844"},{"taxonomy":"post_tag","embeddable":true,"href":"https:\/\/www.olinews.it\/mt\/index.php?rest_route=%2Fwp%2Fv2%2Ftags&post=1844"}],"curies":[{"name":"wp","href":"https:\/\/api.w.org\/{rel}","templated":true}]}}