{"id":1854,"date":"2009-03-24T23:55:19","date_gmt":"2009-03-24T23:55:19","guid":{"rendered":"http:\/\/www.comevedonoidaltonici.com\/wordpress\/?p=1854"},"modified":"2009-03-24T23:55:19","modified_gmt":"2009-03-24T23:55:19","slug":"assistenza-anziani-e-conti-della-sanita-due-questioni-collegate","status":"publish","type":"post","link":"https:\/\/www.olinews.it\/mt\/?p=1854","title":{"rendered":"Assistenza anziani e conti della Sanit\u00e0: due questioni collegate"},"content":{"rendered":"<p>L&#8217;intervista a Sotgiu (CGIL) sull&#8217;assistenza agli anziani pubblicata nella Newsletter OLI 219 segue le polemiche in Regione sullo stato dei conti della Sanit\u00e0. Le due questioni sono strettamente collegate. L&#8217;autore dell&#8217;intervista considera che la situazione dell&#8217;assistenza agli anziani (redditizia per i privati convenzionati e allo stesso tempo disastrosa per la parte ancora pubblica) &#8220;ha il sapore di un sabotaggio&#8221;. In altre parole, si penalizzerebbe la struttura pubblica per promuovere quelle private.<\/p>\n<p><!--more--><br \/>\nSe affrontiamo scientificamente la questione delle convenzioni con privati, si fa presto a  concludere che si tratta in realt\u00e0 di esternalizzazioni, o outsourcing che dir si voglia. Modalit\u00e0 notissima e ampiamente studiata nelle discipline di gestione aziendale.<br \/>\nSacrificando un po&#8217; di comprensibilit\u00e0 alla sintesi, posso dire che l&#8217;outsourcing \u00e8 conveniente se e solo se il fornitore (nel nostro caso le cliniche e i laboratori privati) ha volumi produttivi tali da garantire superiori economie di scala e d&#8217;esperienza. Altrimenti si introducono solo maggiori costi, trasformando allo stesso tempo denaro pubblico in profitti privati.<br \/>\nDal momento che nessun privato in nessuna regione italiana gestisce volumi clinici e diagnostici superiori alla regione, concludo come ha fatto l&#8217;ottimo Sotgiu nell&#8217;intervista: &#8220;Vedete voi&#8230;&#8221;.<br \/>\nQuesta conclusione costituisce l&#8217;aggancio alla questione del bilancio: per ottenere un risanamento dei conti bisogna volerlo, e l&#8217;esistenza di numerose convenzioni mostra chiaramente che questa volont\u00e0 non c&#8217;\u00e8. Visto quanto sopra, dovrebbero essere limitate a coprire temporanee emergenze.<br \/>\nQuel che \u00e8 peggio \u00e8 che il danno erariale \u00e8 il male minore. Pochi mesi orsono, un anziano perse la vita in una clinica convenzionata, forse perch\u00e9 non gli davano da bere, e il <em>Secolo  XIX<\/em>, dandone notizia, scrisse che in Liguria esistono ben 68 strutture del genere, senza contare cliniche d&#8217;altro tipo e laboratori d&#8217;analisi convenzionati. Credo che la magistratura stia ancora indgando su quella morte, ma \u00e8 comunque chiaro fin d&#8217;ora che, se si introducono diseconomie e si riconoscono profitti a soggetti privati, restano meno soldi per la cura delle persone e del bilancio regionale.<br \/>\nHo personalmente e ripetutamente posto la questione ai vertici regionali. Hanno fatto battute e cambiato discorso. Di questi numerosi centri di profitti privati, pagati da noi contribuenti, non si pu\u00f2 parlare. Chi tocca i fili muore.<br \/>\nLa mia personale conclusione \u00e8 che ai vertici nazionali del centrosinistra possono arrivare leader di qualit\u00e0 (tra Prodi e Berlusconi la differenza salta agli occhi, e anche Veltroni, Franceschini e Bersani sembrano persone di valore), mentre faccio fatica a distinguere i politici locali (genovesi) del centrosinistra da quelli del centrodestra.<br \/>\n<strong><em>(Bernardo Gabriele)<\/em><\/strong><\/p>\n","protected":false},"excerpt":{"rendered":"<p>Newsletter n. 220<\/p>\n","protected":false},"author":1,"featured_media":0,"comment_status":"open","ping_status":"closed","sticky":false,"template":"","format":"standard","meta":{"footnotes":""},"categories":[227,20,160,9],"tags":[],"class_list":["post-1854","post","type-post","status-publish","format-standard","hentry","category-227","category-citta","category-lettere","category-salute"],"_links":{"self":[{"href":"https:\/\/www.olinews.it\/mt\/index.php?rest_route=\/wp\/v2\/posts\/1854","targetHints":{"allow":["GET"]}}],"collection":[{"href":"https:\/\/www.olinews.it\/mt\/index.php?rest_route=\/wp\/v2\/posts"}],"about":[{"href":"https:\/\/www.olinews.it\/mt\/index.php?rest_route=\/wp\/v2\/types\/post"}],"author":[{"embeddable":true,"href":"https:\/\/www.olinews.it\/mt\/index.php?rest_route=\/wp\/v2\/users\/1"}],"replies":[{"embeddable":true,"href":"https:\/\/www.olinews.it\/mt\/index.php?rest_route=%2Fwp%2Fv2%2Fcomments&post=1854"}],"version-history":[{"count":0,"href":"https:\/\/www.olinews.it\/mt\/index.php?rest_route=\/wp\/v2\/posts\/1854\/revisions"}],"wp:attachment":[{"href":"https:\/\/www.olinews.it\/mt\/index.php?rest_route=%2Fwp%2Fv2%2Fmedia&parent=1854"}],"wp:term":[{"taxonomy":"category","embeddable":true,"href":"https:\/\/www.olinews.it\/mt\/index.php?rest_route=%2Fwp%2Fv2%2Fcategories&post=1854"},{"taxonomy":"post_tag","embeddable":true,"href":"https:\/\/www.olinews.it\/mt\/index.php?rest_route=%2Fwp%2Fv2%2Ftags&post=1854"}],"curies":[{"name":"wp","href":"https:\/\/api.w.org\/{rel}","templated":true}]}}