{"id":1857,"date":"2009-03-25T13:05:50","date_gmt":"2009-03-25T13:05:50","guid":{"rendered":"http:\/\/www.comevedonoidaltonici.com\/wordpress\/?p=1857"},"modified":"2009-03-25T13:05:50","modified_gmt":"2009-03-25T13:05:50","slug":"urbanistica-una-chicca-di-ottimismo","status":"publish","type":"post","link":"https:\/\/www.olinews.it\/mt\/?p=1857","title":{"rendered":"Urbanistica &#8211; Una chicca di ottimismo"},"content":{"rendered":"<p>Ricordate il progetto di via Puggia in Albaro? Grandi palazzine e tanti box in una zona verde, un insediamento forte ed impattante, che il Municipio tutto all&#8217;unanimit\u00e0 bocci\u00f2 pi\u00f9 volte. Che un gruppo di cittadini respinse al mittente grazie al Tar. Il ricorso procedette a ridimensionare: non pi\u00f9 un trasferimento di volumi pari a quanto &#8220;tirato gi\u00f9 altrove&#8221;, ma la met\u00e0. Una sentenza che fece scalpore perch\u00e8 retroattiva rispetto a quando fu presentato il progetto. Nel frattempo infatti si era stabilito che il coefficiente di edificabilit\u00e0 nei famigerati trasferimenti fosse 0,5 contro 1.<br \/>\nE qui sta la bella notizia: i costruttori si sono impegnati a ripristinare uno dei pi\u00f9 bei parchi di Albaro, Villa Gambaro, che giace in miserevole abbandono, non soltanto per incuria ma anche per colpa di habitue\u00e8s irrispettosi, in primis i &#8220;pap\u00e0 di Fuffi, Marilyn e Ossi\u201d. Si faranno vialetti nuovi, ringhiere, un nuovo accesso per il quartiere di S.Martino: anche gli abitanti di qui potranno godere del giardino, nato come Parco della Rimembranza negli anni &#8217;20.<br \/>\nSensibili migliorie ottenute dai recuperi di una ex lavanderia e di capannoni industriali in via della Cella e via Geminiano a Bolzaneto, anche realizzando parcheggi peraltro necessari, ma con notevole recupero di spazio pubblico riqualificato.<br \/>\nBene, aspettiamo il tutto, ma gi\u00e0 siamo contenti, anche a Levante si vedranno i benefici degli intenti sociali che il legislatore aveva in mente con il trasferimento dei volumi nell&#8217;urbanistica.<br \/>\n<strong><em>(Bianca Vergati) <\/em><\/strong><\/p>\n","protected":false},"excerpt":{"rendered":"<p>Ricordate il progetto di via Puggia in Albaro? Grandi palazzine e tanti box in una zona verde, un insediamento forte ed impattante, che il Municipio tutto all&#8217;unanimit\u00e0 bocci\u00f2 pi\u00f9 volte. Che un gruppo di cittadini respinse al mittente grazie al Tar. Il ricorso procedette a ridimensionare: non pi\u00f9 un trasferimento di volumi pari a quanto [&hellip;]<\/p>\n","protected":false},"author":1,"featured_media":0,"comment_status":"open","ping_status":"closed","sticky":false,"template":"","format":"standard","meta":{"footnotes":""},"categories":[227,22,20],"tags":[],"class_list":["post-1857","post","type-post","status-publish","format-standard","hentry","category-227","category-ambiente","category-citta"],"_links":{"self":[{"href":"https:\/\/www.olinews.it\/mt\/index.php?rest_route=\/wp\/v2\/posts\/1857","targetHints":{"allow":["GET"]}}],"collection":[{"href":"https:\/\/www.olinews.it\/mt\/index.php?rest_route=\/wp\/v2\/posts"}],"about":[{"href":"https:\/\/www.olinews.it\/mt\/index.php?rest_route=\/wp\/v2\/types\/post"}],"author":[{"embeddable":true,"href":"https:\/\/www.olinews.it\/mt\/index.php?rest_route=\/wp\/v2\/users\/1"}],"replies":[{"embeddable":true,"href":"https:\/\/www.olinews.it\/mt\/index.php?rest_route=%2Fwp%2Fv2%2Fcomments&post=1857"}],"version-history":[{"count":0,"href":"https:\/\/www.olinews.it\/mt\/index.php?rest_route=\/wp\/v2\/posts\/1857\/revisions"}],"wp:attachment":[{"href":"https:\/\/www.olinews.it\/mt\/index.php?rest_route=%2Fwp%2Fv2%2Fmedia&parent=1857"}],"wp:term":[{"taxonomy":"category","embeddable":true,"href":"https:\/\/www.olinews.it\/mt\/index.php?rest_route=%2Fwp%2Fv2%2Fcategories&post=1857"},{"taxonomy":"post_tag","embeddable":true,"href":"https:\/\/www.olinews.it\/mt\/index.php?rest_route=%2Fwp%2Fv2%2Ftags&post=1857"}],"curies":[{"name":"wp","href":"https:\/\/api.w.org\/{rel}","templated":true}]}}