{"id":1860,"date":"2009-03-25T13:13:01","date_gmt":"2009-03-25T13:13:01","guid":{"rendered":"http:\/\/www.comevedonoidaltonici.com\/wordpress\/?p=1860"},"modified":"2009-03-25T13:13:01","modified_gmt":"2009-03-25T13:13:01","slug":"precari-2-infermieri-o-badanti-e-il-futuro-ragazzi","status":"publish","type":"post","link":"https:\/\/www.olinews.it\/mt\/?p=1860","title":{"rendered":"Precari 2 &#8211; Infermieri o badanti: \u00e8 il futuro, ragazzi!"},"content":{"rendered":"<p>\u201cNon ho mai sentito mio figlio piangere cos\u00ec disperato. Ragioniere precario, che ha perso il lavoro\u201d. E&#8217; l&#8217;incipit della lettera di un padre di Trani a Michele Serra sul Venerd\u00ec di <em>Repubblica <\/em>di 13 marzo. Quanti genitori vedranno altre lacrime? Anche a Genova \u00e8 un bollettino di guerra, un esercito silente di precari, da aziende piccole, piccolissime, alle grandi multinazionali, come alcune che avevano interessi nel porto.<br \/>\nBagagli in mano e rimpianto nel cuore in quarantanove se ne sono andati via dalla Mersk, ragazzi e giovani padri di famiglia. Fuori i 14 lavoratori di China Shipping con preparazione di buon livello, ma che in questo momento non riusciranno a ricollocarsi. Cos\u00ec per i 27 dipendenti della Deep Sea (<em>Corriere Mercantile<\/em>, 3\/3\/09). Un po&#8217; d&#8217;incentivi, sei mesi forse di cassa integrazione, a fatica concessa dalla Regione e via. Ma via dove?<\/p>\n<p><!--more--><br \/>\nAll&#8217;Hapag-Lloyd, altra societ\u00e0 che opera nel marittimo vige la consegna del silenzio. Non si danno informazioni sulla sorte dei dipendenti, ti rispondono gentili, ma pare che a tanti non verr\u00e0 rinnovato il contratto. Sono lavoratori di cui poco o niente si parla, qualche cenno \u201cdi spalla\u201d in quarta pagina per un giorno e poi stop. Spariti. A questi non resta che scorrere gli annunci di lavoro che, udite udite (<em>Sole 24ore Nord Ovest<\/em>, 25\/2\/09) pare in Liguria ci sia: missioni in aumento del 43,7%. Ovvero interinale nella sanit\u00e0. Commenta l&#8217;assessore ligure alle politiche sociali (quello che non \u00e8 voluto andare in Europa ad occuparsi del ruolo di Genova, qui aveva pi\u00f9 da fare): \u201cSentiamo meno la crisi per l&#8217;alta percentuale di occupati nei servizi alla persona\u201d. Ma come siamo contenti: infermiere o badante, \u00e8 il futuro, ragazzi.<br \/>\nE tutti quelli che si sono &#8220;qualificati&#8221;, dolorosamente dovranno guardarsi intorno al pi\u00f9 per un posto da assistente sanitario. Come dire, industria , imprese, servizi, porto, nisba: qualche timido segnale forse nella metalmeccanica, turismo, ristorazione. Ma non si diceva che mancavano pure gli ingegneri? Che futuro si prospetta per noi? Giovani in fuga, soltanto pensionati. E a seconda di come gira la Gronda pare si sloggino abitanti ed industrie.<br \/>\nOra per\u00f2 anche la Cgil dice basta: pensiamo al lavoro, spazio alle aziende o ci troveremo tutti ai giardinetti, proclama infuriato il sindacalista di turno.<br \/>\nL&#8217;Italia \u00e8 un Paese vecchio, contro i giovani, e Genova ne \u00e8 l&#8217;esempio eclatante. Al di l\u00e0 della crisi, che per noi sar\u00e0 solo uno iato pi\u00f9 grande. Non funzioner\u00e0 neppure il familynet, gli amici degli amici che forse procureranno il lavoro, come spesso non ha funzionato la meritocrazia, il poco lavoro che c&#8217;era, oggi \u00e8 sparito. Dove la nostra classe politica ag\u00e9 ne rappresenta l&#8217;antitesi, non ha concesso, n\u00e9 concede il ricambio. Anzi sempre pi\u00f9 intrecciata nel microcosmo d&#8217;interessi particolari non ha saputo lanciare oltre lo sguardo, al futuro di una citt\u00e0, di un territorio, attenta soltanto a preservare collaudati consensi.<br \/>\nBasta pensare che la pi\u00f9 grande azienda in citt\u00e0 \u00e8 il Comune. Che quando una istituzione vuole propagandare la sua efficacia dice di aver stabilizzato i precari. Precari assunti come?<br \/>\n<strong><em>(Bianca Vergati) <\/em><\/strong><\/p>\n","protected":false},"excerpt":{"rendered":"<p>\u201cNon ho mai sentito mio figlio piangere cos\u00ec disperato. Ragioniere precario, che ha perso il lavoro\u201d. E&#8217; l&#8217;incipit della lettera di un padre di Trani a Michele Serra sul Venerd\u00ec di Repubblica di 13 marzo. Quanti genitori vedranno altre lacrime? Anche a Genova \u00e8 un bollettino di guerra, un esercito silente di precari, da aziende [&hellip;]<\/p>\n","protected":false},"author":1,"featured_media":0,"comment_status":"open","ping_status":"closed","sticky":false,"template":"","format":"standard","meta":{"footnotes":""},"categories":[227,8],"tags":[],"class_list":["post-1860","post","type-post","status-publish","format-standard","hentry","category-227","category-lavoro"],"_links":{"self":[{"href":"https:\/\/www.olinews.it\/mt\/index.php?rest_route=\/wp\/v2\/posts\/1860","targetHints":{"allow":["GET"]}}],"collection":[{"href":"https:\/\/www.olinews.it\/mt\/index.php?rest_route=\/wp\/v2\/posts"}],"about":[{"href":"https:\/\/www.olinews.it\/mt\/index.php?rest_route=\/wp\/v2\/types\/post"}],"author":[{"embeddable":true,"href":"https:\/\/www.olinews.it\/mt\/index.php?rest_route=\/wp\/v2\/users\/1"}],"replies":[{"embeddable":true,"href":"https:\/\/www.olinews.it\/mt\/index.php?rest_route=%2Fwp%2Fv2%2Fcomments&post=1860"}],"version-history":[{"count":0,"href":"https:\/\/www.olinews.it\/mt\/index.php?rest_route=\/wp\/v2\/posts\/1860\/revisions"}],"wp:attachment":[{"href":"https:\/\/www.olinews.it\/mt\/index.php?rest_route=%2Fwp%2Fv2%2Fmedia&parent=1860"}],"wp:term":[{"taxonomy":"category","embeddable":true,"href":"https:\/\/www.olinews.it\/mt\/index.php?rest_route=%2Fwp%2Fv2%2Fcategories&post=1860"},{"taxonomy":"post_tag","embeddable":true,"href":"https:\/\/www.olinews.it\/mt\/index.php?rest_route=%2Fwp%2Fv2%2Ftags&post=1860"}],"curies":[{"name":"wp","href":"https:\/\/api.w.org\/{rel}","templated":true}]}}