{"id":1868,"date":"2009-04-01T17:43:45","date_gmt":"2009-04-01T17:43:45","guid":{"rendered":"http:\/\/www.comevedonoidaltonici.com\/wordpress\/?p=1868"},"modified":"2009-04-01T17:43:45","modified_gmt":"2009-04-01T17:43:45","slug":"piano-casa-convergenze-bipartisan-sul-cemento","status":"publish","type":"post","link":"https:\/\/www.olinews.it\/mt\/?p=1868","title":{"rendered":"Piano casa &#8211; Convergenze bipartisan sul cemento"},"content":{"rendered":"<p><img loading=\"lazy\" decoding=\"async\" src=\"http:\/\/www.olinews.it\/mt\/images\/cittas.jpg\" alt=\"\" width=\"150\" height=\"154\" border=\"1\" align=\"left\" hspace=\"5\">Alla prima inquadratura forse lo riconosci. La fronte si prolunga sulla nuca per poi cedere il passo come una diga ai capelli che contornano il resto della testa. La figura \u00e8 allungata e c\u2019\u00e8 quel modo timido di stare in TV che diventa decoro.<br \/>\n\u201dAnnozero\u201d, Rai 2, gioved\u00ec 26 marzo. La telecamera plana troppo veloce sui presenti per esserne certi. Quando viene inquadrato Ferruccio Sansa si prova stupore, sollievo, e speranza che il rumore dei presenti sia sostituito dalla riflessione di cui \u00e8 capace.<\/p>\n<p><!--more--><br \/>\nAl suo fianco il Governatore della Puglia Nichi Vendola, l\u2019esponente del Pdl Maurizio Lupi e Daniela Santanch\u00e8. Dallo studio parte la diretta con i lavoratori della Sardegna, quelli del Sulcis, dipendenti invisibili di aziende in chiusura che testimoniano rabbia. La prima serata, i minuti contati, \u00e8 la sola occasione che hanno per urlare, piangere e fischiare il governo. Si entra e si esce dalla loro disperazione, grazie agli interventi in studio, come si trattasse di un padiglione di ospedale dove si assiste all\u2019agonia di estranei.<br \/>\nTema della serata il Piano casa del governo. Ferruccio Sansa \u00e8 chiamato a testimoniare su cemento e sugli effetti che la proposta potrebbe avere nel paese. Poco il tempo che Santoro gli concede per spiegare. Troppo incuriosivo l\u2019esponente del Pdl che lo interrompe di continuo. Sansa pazienta, aspetta che gli venga data ancora la parola, arretra e osa. Ma no, non si scanna. Santoro accenna al libro \u201cIl partito del cemento\u201d che il giornalista ha scritto con Marco Preve. Ma non c\u2019\u00e8 tempo per approfondire, la parola si cede e si toglie con ritmo affannoso.<br \/>\nSansa accenna alla riviera del Brenta, \u201cintere strade di case appena costruite e tutte in vendita, vuote\u2026Siccome gli imprenditori che hanno commissionato a delle imprese edili la costruzione non hanno i soldi per pagarli, li pagano offrendo di costruire ulteriori strade, ulteriori quartieri, che saranno completamente vuoti per i quali nessuno sar\u00e0 disposto a pagare\u2026Cosa succeder\u00e0? Falliranno gli imprenditori a monte che hanno fatto costruire e le imprese che hanno costruito\u2026\u201d. Per Sansa sar\u00e0 una bolla simile a quella della Florida. Ci saranno case vuote, destinate a nessuno perch\u00e9 non ci sono i soldi per comprarle. Il degrado ambientale, spiega Sansa \u00e8 accompagnato al \u201cdegrado politico e al degrado delle parole\u201d. Ricorda che con il piano Soru sono stati spesi cinquecento milioni euro in Sardegna per la ristrutturazione di immobili esistenti. Con grande beneficio del settore edilizio. Sansa parla di 65000 case sfitte solo in Liguria.<br \/>\nPerch\u00e9 costruire ancora?<br \/>\nMa Santoro registra che c\u2019\u00e8 \u201cvoglia di convergenza\u201d. Sansa \u00e8 rassicurato dall\u2019accordo tra regione e governo ma lo preoccupa moltissimo \u201cla convergenza tra i due schieramenti politici\u201d perch\u00e9 ha \u201cvisto il caso della Liguria dove centro sinistra e centro destra hanno realizzato un\u2019alleanza di fatto in nome del cemento che va da Claudio Burlano presidente della Regione a ministri di questo attuale governo\u201d . \u201cLa Liguria sta per essere distrutta con la realizzazione di tre milioni di metri cubi di nuove costruzioni lungo la costa, un danno che rimarr\u00e0 per le prossime generazioni\u201d. Andare a vedere i nomi dei sindaci.<br \/>\n\u201cMa lei da giornalista in questo in questo paese, nell\u2019Italia, non ha mai trovato una cosa bella? Una! Una cosa positiva\u201d, lo provoca Lupi \u201cpartiamo da l\u00ec!\u201d<br \/>\n\u201cSe volessi trovare cose belle lavorerei a Playboy! Invece non lavoro a Playboy, ma per un quotidiano!\u201d<br \/>\n<strong><em>(Giovanna Profumo)<\/em><\/strong><\/p>\n","protected":false},"excerpt":{"rendered":"<p>Alla prima inquadratura forse lo riconosci. La fronte si prolunga sulla nuca per poi cedere il passo come una diga ai capelli che contornano il resto della testa. La figura \u00e8 allungata e c\u2019\u00e8 quel modo timido di stare in TV che diventa decoro. \u201dAnnozero\u201d, Rai 2, gioved\u00ec 26 marzo. La telecamera plana troppo veloce [&hellip;]<\/p>\n","protected":false},"author":1,"featured_media":0,"comment_status":"open","ping_status":"closed","sticky":false,"template":"","format":"standard","meta":{"footnotes":""},"categories":[228],"tags":[],"class_list":["post-1868","post","type-post","status-publish","format-standard","hentry","category-228"],"_links":{"self":[{"href":"https:\/\/www.olinews.it\/mt\/index.php?rest_route=\/wp\/v2\/posts\/1868","targetHints":{"allow":["GET"]}}],"collection":[{"href":"https:\/\/www.olinews.it\/mt\/index.php?rest_route=\/wp\/v2\/posts"}],"about":[{"href":"https:\/\/www.olinews.it\/mt\/index.php?rest_route=\/wp\/v2\/types\/post"}],"author":[{"embeddable":true,"href":"https:\/\/www.olinews.it\/mt\/index.php?rest_route=\/wp\/v2\/users\/1"}],"replies":[{"embeddable":true,"href":"https:\/\/www.olinews.it\/mt\/index.php?rest_route=%2Fwp%2Fv2%2Fcomments&post=1868"}],"version-history":[{"count":0,"href":"https:\/\/www.olinews.it\/mt\/index.php?rest_route=\/wp\/v2\/posts\/1868\/revisions"}],"wp:attachment":[{"href":"https:\/\/www.olinews.it\/mt\/index.php?rest_route=%2Fwp%2Fv2%2Fmedia&parent=1868"}],"wp:term":[{"taxonomy":"category","embeddable":true,"href":"https:\/\/www.olinews.it\/mt\/index.php?rest_route=%2Fwp%2Fv2%2Fcategories&post=1868"},{"taxonomy":"post_tag","embeddable":true,"href":"https:\/\/www.olinews.it\/mt\/index.php?rest_route=%2Fwp%2Fv2%2Ftags&post=1868"}],"curies":[{"name":"wp","href":"https:\/\/api.w.org\/{rel}","templated":true}]}}