{"id":1894,"date":"2009-05-06T13:09:45","date_gmt":"2009-05-06T13:09:45","guid":{"rendered":"http:\/\/www.comevedonoidaltonici.com\/wordpress\/?p=1894"},"modified":"2009-05-06T13:09:45","modified_gmt":"2009-05-06T13:09:45","slug":"comitati-la-democrazia-occidentale-fara-a-meno-di-idriss","status":"publish","type":"post","link":"https:\/\/www.olinews.it\/mt\/?p=1894","title":{"rendered":"<i>Comitati<\/i> &#8211; La democrazia occidentale far\u00e0 a meno di Idriss"},"content":{"rendered":"<p>Sabato 25 aprile \u00e8 festa, il posteggio \u00e8 gratuito e Idriss chiss\u00e0 dov\u2019\u00e8. Verso di lui, da qualche giorno, serpeggiano voci sgradevoli. Ad esempio che lui abbia fatto al suo paese studi da avvocato e da questi tragga quel non so che grazie al quale, durante le nostre riunioni, risulti l\u2019elemento pi\u00f9 valido. C\u2019\u00e8 chi addirittura sostiene che sia un avvocato che, arrivato in Italia, si sia impiegato da posteggiatore per studiare meglio le nostre leggi, laurearsi e poi\u2026<\/p>\n<p><!--more--><br \/>\n\u201cStudia le nostre leggi in attesa di mettercelo in quel posto\u201d ha detto l\u2019ex edicolante. Ho fatto notare che da noi aveva poco da imparare visto che neppure sapevamo a chi chiedere di mettere a segno l\u2019orologio. Ma, all\u2019improvviso, l\u2019insofferenza nei suoi confronti \u00e8 palese. Lui se n\u2019\u00e8 accorto e tiene un profilo basso: \u201cIo so il mio lavoro e basta\u201d, dice laconico e fa segno al baracchino che gli serve per emettere la ricevuta del park.<br \/>\nDa dove le recente impopolarit\u00e0 di Idriss? Tutti si sono accorti \u2013 alcuni sgradevolmente &#8211; che il ruolo di presidente coordinatore che all\u2019inizio gli era stato conferito in un empito di (ironica?) multiculturalit\u00e0 non potrebbe essere esercitato da altri meglio che da lui. Prima di tutto perch\u00e9 lui alle cose ci pensa, poi perch\u00e9 si informa su come funzionano da noi (compreso il punto di vista tecnico: funzioni amministrative, regolamenti ecc.). Quando qualcuno parla Idriss sta a sentire e non fa come la maggior parte di noi che vogliamo subito dire la nostra e quella del prossimo non ci interessa. Infine perch\u00e9 dirige (\u201ccoordina\u201d) le nostre piccole riunioni con garbo, riducendo al minimo i suoi interventi che fa quasi sempre sotto forma di domanda mentre di continuo tiene un occhio sul park.<br \/>\nSi capisce che il suo modo \u00e8 frutto di abitudini familiari, carattere, cultura. Mi piacerebbe sapere di lui; di quando e come ha deciso di arrivare qui, come se l\u2019\u00e8 sfangata, come \u00e8 finito alla Genova Parcheggi. Pi\u00f9 di tutto mi piacerebbe sapere cosa pensa di noi. Una volta ha detto che a casa ha molti fratelli e sorelle: chiss\u00e0 cosa gli dice di noi e della nostra citt\u00e0 quando gli telefona; che parole usa e se gli ha detto dell\u2019orologio. Magari non gli dice niente e per quelli neppure esistiamo.<br \/>\nFinch\u00e9 pensavamo di essere il centro del mondo potevamo anche fregarcene ma ora che abbiamo capito che gli Idriss arriveranno a migliaia possiamo continuare a ignorare i loro paesi, le loro leggi, la loro infanzia, la loro scuola\u2026?<br \/>\nOtto ore al giorno, tutti i giorni per 900-1000 euro al mese. \u201cE\u2019 poco ma riesco a vivere. Sto meglio di altri come me\u201d, ha detto. Vorrei chiedergli dove abita, dove dorme, cosa fa la sera. Ma non oso: lui \u00e8 gentile ma anche riservato. Sorride: ha capito che in piazza Marsala la breve stagione del dialogo \u00e8 finita. La democrazia occidentale almeno per ora far\u00e0 a meno di lui.<br \/>\n<em>(Manlio Calegari)<\/em><\/p>\n","protected":false},"excerpt":{"rendered":"<p>Newsletter n. 224<\/p>\n","protected":false},"author":1,"featured_media":0,"comment_status":"open","ping_status":"closed","sticky":false,"template":"","format":"standard","meta":{"footnotes":""},"categories":[237,20,7],"tags":[],"class_list":["post-1894","post","type-post","status-publish","format-standard","hentry","category-237","category-citta","category-immigrazione"],"_links":{"self":[{"href":"https:\/\/www.olinews.it\/mt\/index.php?rest_route=\/wp\/v2\/posts\/1894","targetHints":{"allow":["GET"]}}],"collection":[{"href":"https:\/\/www.olinews.it\/mt\/index.php?rest_route=\/wp\/v2\/posts"}],"about":[{"href":"https:\/\/www.olinews.it\/mt\/index.php?rest_route=\/wp\/v2\/types\/post"}],"author":[{"embeddable":true,"href":"https:\/\/www.olinews.it\/mt\/index.php?rest_route=\/wp\/v2\/users\/1"}],"replies":[{"embeddable":true,"href":"https:\/\/www.olinews.it\/mt\/index.php?rest_route=%2Fwp%2Fv2%2Fcomments&post=1894"}],"version-history":[{"count":0,"href":"https:\/\/www.olinews.it\/mt\/index.php?rest_route=\/wp\/v2\/posts\/1894\/revisions"}],"wp:attachment":[{"href":"https:\/\/www.olinews.it\/mt\/index.php?rest_route=%2Fwp%2Fv2%2Fmedia&parent=1894"}],"wp:term":[{"taxonomy":"category","embeddable":true,"href":"https:\/\/www.olinews.it\/mt\/index.php?rest_route=%2Fwp%2Fv2%2Fcategories&post=1894"},{"taxonomy":"post_tag","embeddable":true,"href":"https:\/\/www.olinews.it\/mt\/index.php?rest_route=%2Fwp%2Fv2%2Ftags&post=1894"}],"curies":[{"name":"wp","href":"https:\/\/api.w.org\/{rel}","templated":true}]}}