{"id":2046,"date":"2009-11-24T00:47:01","date_gmt":"2009-11-24T00:47:01","guid":{"rendered":"http:\/\/www.comevedonoidaltonici.com\/wordpress\/?p=2046"},"modified":"2009-11-24T00:47:01","modified_gmt":"2009-11-24T00:47:01","slug":"citta-qualche-fischio-turba-gli-osanna-per-eataly","status":"publish","type":"post","link":"https:\/\/www.olinews.it\/mt\/?p=2046","title":{"rendered":"Citt\u00e0 &#8211; Qualche fischio turba gli osanna per Eataly"},"content":{"rendered":"<p>Ritornando ad Eataly (<a href=\"http:\/\/www.olinews.it\/mt\/archives\/2009\/11\/citta_spazi_pub.html\">OLI 239<\/a>)), il megastore di prodotti gastronomici di eccellenza di Oscar Farinetti che prossimamente arriver\u00e0 a Genova, la destinazione per ora pi\u00f9 plausibile \u00e8 a Ponte Parodi. Il negozio potrebbe quindi trovare casa nelle strutture dell&#8217;Hennebique, sede dismessa dei silos granari del porto.<br \/>\nAccanto al terminal crociere sorger\u00e0 entro il 2012 un centro polifunzionale, che dovrebbe ospitare il meglio del made in italy. \u201cTre piani dedicati a mostre d&#8217;arte e collezioni documentali, anteprime cinematografiche\u201d (Il Secolo XIX 6\/11\/09), mentre all&#8217;ultimo piano, per rilassarsi e fare shopping ad alto livello, il negozio ed i ristoranti Eataly. Possibile anche qualche struttura ricettiva alberghiera, il tutto a portata immediata dei croceristi.<br \/>\nLa realizzazione del progetto \u201cMuseo Italia\u201d (questo il nome provvisorio) entusiasma pi\u00f9 strutture e personalit\u00e0, dagli enti locali, che non hanno mai fatto mancare il proprio appoggio ad Eataly, all&#8217;authority portuale nella persona di Luigi Merlo, al consenso positivo gi\u00e0 espresso dal governo. Il coro degli osanna all&#8217;arrivo di Eataly \u00e8 abbastanza compatto, eppure.<br \/>\nEppure qualche voce si distacca e protesta, in prima battuta per la visibilit\u00e0 e l&#8217;appoggio dato al progetto Eataly a Genova.<\/p>\n<p><!--more--><br \/>\nQuando fu ventilata l&#8217;ipotesi della collocazione alla Loggia di Banchi, l&#8217;associazione del Suq, festival genovese delle culture del mondo, accus\u00f2 duramente il colpo e Carla Peirolero, la fondatrice, rilasci\u00f2 alcune dichiarazioni sul piede di guerra. Il Suq \u00e8 nato infatti alla loggia di Banchi (dove fu ospitato dal 1999 al 2004), e l&#8217;associazione fece parecchi tentativi di creare una sorta di Suq permanente, a Banchi oppure al mercato del Carmine. I progetti, fu la risposta del Comune, non erano compatibili con il progetto di Urban Center a Banchi (Il Secolo 18\/9\/09). Appena Eataly \u00e8 stato invece considerato compatibile, \u00e8 iniziata una petizione per sollecitare una spiegazione dagli enti locali, ed una collocazione per il Suq permanente. La domanda fondamentale \u00e8 questa: come mai silenzio verso un evento che da dieci anni opera sul territorio creando occasioni di festa e crescita della consapevolezza sociale, ed al contrario piena accoglienza verso un&#8217;operazione essenzialmente commerciale, anche se di alto livello?<br \/>\nIl silenzio della stampa e degli enti, come si legge in questo numero (Silenzio su Critical Wine), avvolge ed ovatta anche altre piccole iniziative che rimangono lontane dalle dimensioni, le impostazioni ed i fasti del megastore.<br \/>\nPer saperne di pi\u00f9: <a href=\"http:\/\/www.suqgenova.it\/index.php?id=131&#038;L=0\">Suq Genova sito web <\/a><\/p>\n","protected":false},"excerpt":{"rendered":"<p>Ritornando ad Eataly (OLI 239)), il megastore di prodotti gastronomici di eccellenza di Oscar Farinetti che prossimamente arriver\u00e0 a Genova, la destinazione per ora pi\u00f9 plausibile \u00e8 a Ponte Parodi. Il negozio potrebbe quindi trovare casa nelle strutture dell&#8217;Hennebique, sede dismessa dei silos granari del porto. Accanto al terminal crociere sorger\u00e0 entro il 2012 un [&hellip;]<\/p>\n","protected":false},"author":1,"featured_media":0,"comment_status":"open","ping_status":"closed","sticky":false,"template":"","format":"standard","meta":{"footnotes":""},"categories":[254],"tags":[],"class_list":["post-2046","post","type-post","status-publish","format-standard","hentry","category-254"],"_links":{"self":[{"href":"https:\/\/www.olinews.it\/mt\/index.php?rest_route=\/wp\/v2\/posts\/2046","targetHints":{"allow":["GET"]}}],"collection":[{"href":"https:\/\/www.olinews.it\/mt\/index.php?rest_route=\/wp\/v2\/posts"}],"about":[{"href":"https:\/\/www.olinews.it\/mt\/index.php?rest_route=\/wp\/v2\/types\/post"}],"author":[{"embeddable":true,"href":"https:\/\/www.olinews.it\/mt\/index.php?rest_route=\/wp\/v2\/users\/1"}],"replies":[{"embeddable":true,"href":"https:\/\/www.olinews.it\/mt\/index.php?rest_route=%2Fwp%2Fv2%2Fcomments&post=2046"}],"version-history":[{"count":0,"href":"https:\/\/www.olinews.it\/mt\/index.php?rest_route=\/wp\/v2\/posts\/2046\/revisions"}],"wp:attachment":[{"href":"https:\/\/www.olinews.it\/mt\/index.php?rest_route=%2Fwp%2Fv2%2Fmedia&parent=2046"}],"wp:term":[{"taxonomy":"category","embeddable":true,"href":"https:\/\/www.olinews.it\/mt\/index.php?rest_route=%2Fwp%2Fv2%2Fcategories&post=2046"},{"taxonomy":"post_tag","embeddable":true,"href":"https:\/\/www.olinews.it\/mt\/index.php?rest_route=%2Fwp%2Fv2%2Ftags&post=2046"}],"curies":[{"name":"wp","href":"https:\/\/api.w.org\/{rel}","templated":true}]}}