{"id":2060,"date":"2009-12-03T23:01:19","date_gmt":"2009-12-03T23:01:19","guid":{"rendered":"http:\/\/www.comevedonoidaltonici.com\/wordpress\/?p=2060"},"modified":"2009-12-03T23:01:19","modified_gmt":"2009-12-03T23:01:19","slug":"politica-cardinal-dinner","status":"publish","type":"post","link":"https:\/\/www.olinews.it\/mt\/?p=2060","title":{"rendered":"Politica &#8211; Cardinal dinner"},"content":{"rendered":"<p>Ottimo risultato: pi\u00f9 di 200mila euro \u2013 destinati al terremoto in Abruzzo e ad altri interventi \u2013 raccolti con la cena di beneficenza organizzata venerd\u00ec 27 novembre a Palazzo San Giorgio dal Magistrato di Misericordia, istituzione fondata nel 1419 in un ancien r\u00e9gime in cui sembrava del tutto naturale che trono e altare dovessero procedere indissolubilmente legati.<br \/>\nSontuosa cena di gala nel Salone delle Compere, intitolata all\u2019ospite d\u2019onore cardinale Angelo Bagnasco, arcivescovo di Genova e presidente della Cei.<br \/>\nUn eccellente parterre di partecipanti (con generosi esborsi di tasca propria o dell\u2019ente o impresa di riferimento), tra cui il priore del Magistrato di Misericordia Marco Simeon (vicino all\u2019Opus Dei e responsabile pure delle relazioni internazionali e istituzionali della Rai), Luigi Merlo presidente dell\u2019Autorit\u00e0 Portuale, Claudio Burlando presidente della Regione e il suo sfidante Sandro Biasotti, Claudio Scajola ministro per lo Sviluppo Economico, Paolo Garimberti presidente Rai, Piero Gnudi presidente Enel, Giovanni Berneschi presidente Banca Carige, Flavio Repetto presidente Fondazione Carige.<\/p>\n<p><!--more--><br \/>\nTra le assenze di spicco, la sindaco Vincenzi, il presidente della Provincia Repetto e l\u2019intera Udc.<br \/>\nIl cardinal Bagnasco \u00e8 tornato su uno dei temi d\u2019attualit\u00e0: \u00abE&#8217; vero che il crocifisso \u00e8 il segno pi\u00f9 grande della nostra fede di cristiani. Il figlio di Dio che d\u00e0 la vita per noi. Allo stesso tempo \u00e8 anche vero, la storia lo dimostra, che il crocifisso ha ispirato i valori espressi nella croce, cio\u00e8 ha ispirato civilt\u00e0, cultura, sia in Italia, sia in Europa, ha quindi anche una valenza culturale\u00bb.<br \/>\nSacrosante parole, ma ci permettiamo di aggiungere che l\u2019icona dell\u2019uomo-dio crocifisso assume valori diversi a seconda del contesto in cui \u00e8 inserita: nei luoghi di culto e nelle case dei fedeli \u00e8 simbolo sacro da rispettare; nel patrimonio culturale e nel paesaggio \u00e8 segno di civilt\u00e0 che va tutelato; ma negli edifici pubblici \u2013 scuole, tribunali, ospedali e uffici vari frequentati da chiunque \u2013 la sua presenza \u00e8 quasi blasfema, ridotto a simbolo dell\u2019egemonia di una confessione religiosa, a strumento per \u201cmarcare il territorio\u201d della Chiesa cattolica, come bene ha argomentato un lettore (Walter Peruzzi in <a href=\"http:\/\/www.olinews.it\/mt\/archives\/2009\/12\/lettere_a_propo.html\">OLI 240<\/a>) Molti guardano con ammirazione simili eventi, magari anche rammaricandosi di esserne esclusi. Ma molti altri provano forte disagio.<br \/>\nTroppo spesso iniziative per raccoglier fondi a fini benefici \u2013 siano cene, balli o quant\u2019altro \u2013 sono in realt\u00e0 gratificanti occasioni mondane per sentirsi parte di un\u2019\u00e9lite, per esibire tale appartenenza agli ambienti che contano, per strombazzare con understatement il proprio potere e la propria ricchezza che consentono cos\u00ec generose elargizioni.<br \/>\nViene allora in mente chi disse: \u00abQuando adunque tu fai elemosina, non suonare la tromba davanti a te, come fanno gli ipocriti nelle sinagoghe e nelle strade, per essere onorati dagli uomini\u00bb e ancora \u00abnon sappia la tua sinistra quel che fa la tua destra, affinch\u00e9 la tua elemosina rimanga in segreto; e il Padre tuo che vede nel segreto, te ne dar\u00e0 la ricompensa\u00bb (Matteo: 6, 2-4).<br \/>\nForse bene fece chi disert\u00f2.<br \/>\nSul Magistrato di Misericordia e la cena di gala:<br \/>\n<a href=\"http:\/\/www.magistratodimisericordia.it\/node\/56\">http:\/\/www.magistratodimisericordia.it\/node\/56<\/a><br \/>\nCronaca dell\u2019evento:<br \/>\n<a href=\"http:\/\/diocesi.riviera24.it\/articoli\/2009\/11\/26\/73842\/torna-il-cardinal-dinner-per-raccogliere-fondi-da-destinare-in-beneficenza\">http:\/\/diocesi.riviera24.it\/articoli\/2009\/11\/26\/73842\/torna-il-cardinal-dinner-per-raccogliere-fondi-da-destinare-in-beneficenza<\/a><br \/>\n<a href=\"http:\/\/www.primocanale.it\/news.php?id=59433\">http:\/\/www.primocanale.it\/news.php?id=59433<\/a><br \/>\n<a href=\"http:\/\/www.ilgiornale.it\/genova\/udc_assenze_rilevanti\/29-11-2009\/articolo-id=402855-page=0-comments=1\">http:\/\/www.ilgiornale.it\/genova\/udc_assenze_rilevanti\/29-11-2009\/articolo-id=402855-page=0-comments=1<\/a><br \/>\nSul Cardinal dinner 2008:<br \/>\n<a href=\"http:\/\/ricerca.repubblica.it\/repubblica\/archivio\/repubblica\/2008\/11\/27\/una-serata-di-gala-da-200-mila.html\">http:\/\/ricerca.repubblica.it\/repubblica\/archivio\/repubblica\/2008\/11\/27\/una-serata-di-gala-da-200-mila.html<\/a><br \/>\n<a href=\"http:\/\/ricerca.repubblica.it\/repubblica\/archivio\/repubblica\/2008\/11\/27\/indovina-chi-non-viene-cena.html\">http:\/\/ricerca.repubblica.it\/repubblica\/archivio\/repubblica\/2008\/11\/27\/indovina-chi-non-viene-cena.html<\/a><br \/>\nSulla Santa Alleanza a Genova:<br \/>\n<a href=\"http:\/\/www.antimafiaduemila.com\/content\/view\/7262\/48\/\">http:\/\/www.antimafiaduemila.com\/content\/view\/7262\/48\/ <\/a><br \/>\n<em>(Ferdinando Bonora)<\/em><\/p>\n","protected":false},"excerpt":{"rendered":"<p>Ottimo risultato: pi\u00f9 di 200mila euro \u2013 destinati al terremoto in Abruzzo e ad altri interventi \u2013 raccolti con la cena di beneficenza organizzata venerd\u00ec 27 novembre a Palazzo San Giorgio dal Magistrato di Misericordia, istituzione fondata nel 1419 in un ancien r\u00e9gime in cui sembrava del tutto naturale che trono e altare dovessero procedere [&hellip;]<\/p>\n","protected":false},"author":1,"featured_media":0,"comment_status":"open","ping_status":"closed","sticky":false,"template":"","format":"standard","meta":{"footnotes":""},"categories":[255,10],"tags":[],"class_list":["post-2060","post","type-post","status-publish","format-standard","hentry","category-255","category-politica"],"_links":{"self":[{"href":"https:\/\/www.olinews.it\/mt\/index.php?rest_route=\/wp\/v2\/posts\/2060","targetHints":{"allow":["GET"]}}],"collection":[{"href":"https:\/\/www.olinews.it\/mt\/index.php?rest_route=\/wp\/v2\/posts"}],"about":[{"href":"https:\/\/www.olinews.it\/mt\/index.php?rest_route=\/wp\/v2\/types\/post"}],"author":[{"embeddable":true,"href":"https:\/\/www.olinews.it\/mt\/index.php?rest_route=\/wp\/v2\/users\/1"}],"replies":[{"embeddable":true,"href":"https:\/\/www.olinews.it\/mt\/index.php?rest_route=%2Fwp%2Fv2%2Fcomments&post=2060"}],"version-history":[{"count":0,"href":"https:\/\/www.olinews.it\/mt\/index.php?rest_route=\/wp\/v2\/posts\/2060\/revisions"}],"wp:attachment":[{"href":"https:\/\/www.olinews.it\/mt\/index.php?rest_route=%2Fwp%2Fv2%2Fmedia&parent=2060"}],"wp:term":[{"taxonomy":"category","embeddable":true,"href":"https:\/\/www.olinews.it\/mt\/index.php?rest_route=%2Fwp%2Fv2%2Fcategories&post=2060"},{"taxonomy":"post_tag","embeddable":true,"href":"https:\/\/www.olinews.it\/mt\/index.php?rest_route=%2Fwp%2Fv2%2Ftags&post=2060"}],"curies":[{"name":"wp","href":"https:\/\/api.w.org\/{rel}","templated":true}]}}