{"id":2083,"date":"2010-01-13T00:15:46","date_gmt":"2010-01-13T00:15:46","guid":{"rendered":"http:\/\/www.comevedonoidaltonici.com\/wordpress\/?p=2083"},"modified":"2010-01-13T00:15:46","modified_gmt":"2010-01-13T00:15:46","slug":"politica-piazze-ultima-spiaggia-della-democrazia","status":"publish","type":"post","link":"https:\/\/www.olinews.it\/mt\/?p=2083","title":{"rendered":"Politica &#8211; Piazze: ultima spiaggia della democrazia"},"content":{"rendered":"<p>Ogni giorno ci appaiono in tv immagini di piazze, piazze raramente festose. Spesso infuocate, vivaci, violente, rabbiose. Vi partecipa anche tanta giovent\u00f9, come non si vedeva da un po\u2019.<br \/>\nA Copenaghen hanno sfilato in 150 mila per il vertice sull&#8217;ambiente, le tv inquadravano giovani visi colorati, a sottolineare la volont\u00e0 di salvare il pianeta. Da Seattle tutto sembrava cambiato, eppure non si rammentano tanti movimenti come in quest&#8217;ultimo periodo. Contestazioni a grandi istituzioni internazionali, dal Wto al G8 o ai regimi totalitari, diventano il rifiuto all&#8217;establishment finanziario e politico, colpevole, secondo chi manifesta, delle conseguenze negative sull&#8217;economia, la societ\u00e0, il clima, la cultura, la libert\u00e0.<br \/>\nLa piazza \u00e8 stata in un tempo non lontano il luogo della protesta giovanile per una scuola nuova, per eguali diritti di parit\u00e0, di genere ma anche di rivolta contro chi aveva deciso per una guerra come quella del Vietnam, che segn\u00f2 un&#8217;intera generazione.<\/p>\n<p><!--more--><br \/>\nAncora presente il ricordo in Italia degli anni di piombo, di quei cortei con il pugno chiuso o la fascia nera al braccio, al collo. Spazio pubblico rimasto poi per anni soltanto alle rappresentanze sindacali, ma oggi occupata anche da altri. Da chi difende la natura, il rispetto dell\u2019altro, il lavoro, la libert\u00e0, da chi ricorda morti impunite come in Italia, da Milano a Genova, alla Grecia, all\u2019Iran.<br \/>\nE se il nastrino verde sventolato disperatamente a Teheran evoca un&#8217;altra piazza, quella di Tiennamen con i suoi studenti soli davanti ai carri armati, la mente torna pure ad un altro ragazzo, datosi fuoco davanti ai tank sovietici. La visione dell\u2019Onda, che in Italia si sollev\u00f2 impetuosa dal mondo della scuola e and\u00f2 in piazza, \u00e8 di un anno fa, eppure pare cos\u00ec lontana.<br \/>\nAncora era inimmaginabile la recessione che ora appare come fil rouge che lega tutte le piazze. La Storia ritorna, con una peculiarit\u00e0 nuova per\u00f2: \u00e8 la paura dell&#8217;incerto e del domani, compromesso che mobilita pure le nuove generazioni. Nonostante l&#8217;et\u00e0 dell&#8217;oro aumentano il disagio e il vuoto, la sensazione di aver avuto tanto, ma il tanto sbagliato, di essere spinti selvaggiamente nell&#8217;esistenza, come diceva Nietzsche. Fragili insieme ai padri. E con loro a manifestare per il lavoro perduto, per il lavoro che non arriver\u00e0.<br \/>\nE&#8217; un ritorno alla polis, all&#8217;agor\u00e0 come fosse divenuto l&#8217;unico luogo in cui poter farsi sentire: troppo lontani sono il Palazzo, le Istituzioni, il Potere dal vissuto quotidiano. Nella civilt\u00e0 greca e in quella romana lo spazio pubblico fisico, l\u2019agor\u00e0 e il foro, erano i luoghi della politica. L\u00ec si discuteva e si dibatteva, l\u00ec avevano voce tutti quelli cui le regole di quella democrazia dava il diritto di parlare e di dissentire, l\u00ec quelli che gestivano il potere avevano il dovere di confrontarsi con chi li criticava. Oggi gli spazi pubblici sembrano l\u2019ultima spiaggia, usati su pi\u00f9 fronti, anche da tentativi di strumentalizzazione o mercificazione. I disordini delle banlieue e la protesta degli immigrati che in Francia incrociano le braccia, certi che il Paese senza di loro si pu\u00f2 fermare, non si possono neanche accostare alle nostre recenti in Italia contro lo straniero. Anche se sfileranno poi genti che non vogliono essere identificati come razzisti, il convitato d i pietra \u00e8 divenuto da noi lo Stato di diritto.<br \/>\nTroppo spesso ormai non resta altro che scendere in piazza, pur se inascoltati e con assenze inaccettabili.<br \/>\n<em>(Bianca Vergati)<\/em><\/p>\n","protected":false},"excerpt":{"rendered":"<p>Ogni giorno ci appaiono in tv immagini di piazze, piazze raramente festose. Spesso infuocate, vivaci, violente, rabbiose. Vi partecipa anche tanta giovent\u00f9, come non si vedeva da un po\u2019. A Copenaghen hanno sfilato in 150 mila per il vertice sull&#8217;ambiente, le tv inquadravano giovani visi colorati, a sottolineare la volont\u00e0 di salvare il pianeta. Da [&hellip;]<\/p>\n","protected":false},"author":1,"featured_media":0,"comment_status":"open","ping_status":"closed","sticky":false,"template":"","format":"standard","meta":{"footnotes":""},"categories":[258],"tags":[],"class_list":["post-2083","post","type-post","status-publish","format-standard","hentry","category-258"],"_links":{"self":[{"href":"https:\/\/www.olinews.it\/mt\/index.php?rest_route=\/wp\/v2\/posts\/2083","targetHints":{"allow":["GET"]}}],"collection":[{"href":"https:\/\/www.olinews.it\/mt\/index.php?rest_route=\/wp\/v2\/posts"}],"about":[{"href":"https:\/\/www.olinews.it\/mt\/index.php?rest_route=\/wp\/v2\/types\/post"}],"author":[{"embeddable":true,"href":"https:\/\/www.olinews.it\/mt\/index.php?rest_route=\/wp\/v2\/users\/1"}],"replies":[{"embeddable":true,"href":"https:\/\/www.olinews.it\/mt\/index.php?rest_route=%2Fwp%2Fv2%2Fcomments&post=2083"}],"version-history":[{"count":0,"href":"https:\/\/www.olinews.it\/mt\/index.php?rest_route=\/wp\/v2\/posts\/2083\/revisions"}],"wp:attachment":[{"href":"https:\/\/www.olinews.it\/mt\/index.php?rest_route=%2Fwp%2Fv2%2Fmedia&parent=2083"}],"wp:term":[{"taxonomy":"category","embeddable":true,"href":"https:\/\/www.olinews.it\/mt\/index.php?rest_route=%2Fwp%2Fv2%2Fcategories&post=2083"},{"taxonomy":"post_tag","embeddable":true,"href":"https:\/\/www.olinews.it\/mt\/index.php?rest_route=%2Fwp%2Fv2%2Ftags&post=2083"}],"curies":[{"name":"wp","href":"https:\/\/api.w.org\/{rel}","templated":true}]}}