{"id":2131,"date":"2010-02-10T11:14:54","date_gmt":"2010-02-10T11:14:54","guid":{"rendered":"http:\/\/www.comevedonoidaltonici.com\/wordpress\/?p=2131"},"modified":"2010-02-10T11:14:54","modified_gmt":"2010-02-10T11:14:54","slug":"politica-colori-senza-bandiere","status":"publish","type":"post","link":"https:\/\/www.olinews.it\/mt\/?p=2131","title":{"rendered":"Politica &#8211; Colori senza bandiere"},"content":{"rendered":"<p>Il 4 dicembre su <em>Repubblica <\/em>Matteo Tonelli nel suo articolo titolato \u201cQuando i colori diventano bandiere\u201d prende spunto dal popolo viola per compiere un excursus sulle \u201cTonalit\u00e0 che hanno segnato e segnano la lotta politica\u201d.<br \/>\nLa simbologia del colore non \u00e8 certo una novit\u00e0. Il fatto \u00e8 che ora, almeno in Italia, i colori non suggeriscono pi\u00f9 una retrostante bandiera.<br \/>\nLe persone che riempiono le piazze sempre pi\u00f9 si convocano attraverso la rete, e scelgono il colore che li far\u00e0 sentire gruppo, che li render\u00e0 riconoscibili quando dal web scenderanno nel mondo fisico delle citt\u00e0. Dopo il viola del NoBday, ora sta emergendo il giallo dello sciopero dei lavoratori stranieri del 1 marzo.<\/p>\n<p><!--more--><br \/>\nIn entrambi i casi, girando per i rispettivi siti, risulta evidente che il primo requisito della tinta identitaria \u00e8 quello \u201cdi non essere di nessun partito, di nessuna storia, di nessuna tradizione \u2026 colore libero \u2026 casella non occupata \u2026 simbolo di nessuna identit\u00e0 pregressa \u2026 un colore che non rimanda a nessuno schieramento politico\u201d.<br \/>\nNelle manifestazioni delle ere politiche precedenti l\u2019unit\u00e0 era simboleggiata non dalla assenza, ma dalla compresenza di molte bandiere: di Cgil, Cisl, Uil nelle manifestazioni sindacali; di tutte le bandiere del sindacato, pi\u00f9 quelle dei partiti, pi\u00f9 gli striscioni di associazioni e gruppi nelle manifestazioni pi\u00f9 grandi, pi\u00f9 politiche. Molte bandiere, una identit\u00e0 sotto ciascuna bandiera, uno scopo comune tra tutte le identit\u00e0. Nessuno si sognava di prendere le distanze dalle \u201cidentit\u00e0 pregresse\u201d: ognuno sentiva che la battaglia del momento era la figlia, lo sviluppo, la possibilit\u00e0 aperta da quel che aveva preceduto e che ancora viveva. C\u2019erano i padri, c\u2019erano le madri e c\u2019erano i figli. Litigavano ma si riconoscevano.<br \/>\nOra sotto i colori inventati sulla rete ci sono i figli poco amati di genitori lontani, molto presi di se stessi e singolarmente sordi rispetto a quel che avviene loro intorno.<br \/>\nA volte dai padri e dalle madri lontane vengono anche parole di buon senso. Ad esempio Pietro Soldini della Cgil nazionale, intervistato da L\u2019Unit\u00e0 (7 gennaio 2010) a proposito dello sciopero dei lavoratori stranieri del 1 marzo (vedi la pagina su Facebook: <a href=\"http:\/\/www.facebook.com\/home.php#!\/group.php?gid=237442792026&#038;ref=ts\">http:\/\/www.facebook.com\/home.php#!\/group.php?gid=237442792026&#038;ref=ts<\/a>) osserva: \u201cChe gli immigrati un giorno si fermino tutti e facciano pesare la loro utilit\u00e0 \u00e8 una bella suggestione, ma difficilmente realizzabile \u2026 lavorano in condizioni di assoggettamento, soggezione, neo schiavismo in alcuni casi. Subiscono una forte ricattabilit\u00e0 e questo rende arduo che possano mettersi d\u2019accordo e, anche solo per un giorno, alzare la testa \u2026 Un flop sarebbe un problema molto serio \u2026 occorre trovare insieme la forma di mobilitazione pi\u00f9 idonea\u201d. Idee assennate, ma la saggezza e la prudenza non bastano: resta il fatto che senza l\u2019iniziativa di qua ttro donne che hanno lanciato la proposta su Facebook, oggi non sarebbe all\u2019ordine del giorno la proposta di una mobilitazione nazionale contro la condizione sempre pi\u00f9 vergognosa in cui sono costretti a vivere gli immigrati in Italia.<br \/>\nProposte, controproposte, mediazioni sono in corso. Lo \u201csciopero degli immigrati\u201d \u00e8 diventato \u201cla giornata senza gli immigrati\u201d. Il 1 marzo una manifestazione ci sar\u00e0. (<a href=\"http:\/\/www.reset-italia.net\/2010\/01\/09\/1-marzo-2010-la-giornata-senza-immigrati\/\">http:\/\/www.reset-italia.net\/2010\/01\/09\/1-marzo-2010-la-giornata-senza-immigrati\/<\/a>) .<br \/>\n<em>(Paola Pierantoni)<\/em><\/p>\n","protected":false},"excerpt":{"rendered":"<p>Il 4 dicembre su Repubblica Matteo Tonelli nel suo articolo titolato \u201cQuando i colori diventano bandiere\u201d prende spunto dal popolo viola per compiere un excursus sulle \u201cTonalit\u00e0 che hanno segnato e segnano la lotta politica\u201d. La simbologia del colore non \u00e8 certo una novit\u00e0. Il fatto \u00e8 che ora, almeno in Italia, i colori non [&hellip;]<\/p>\n","protected":false},"author":1,"featured_media":0,"comment_status":"open","ping_status":"closed","sticky":false,"template":"","format":"standard","meta":{"footnotes":""},"categories":[262,10],"tags":[],"class_list":["post-2131","post","type-post","status-publish","format-standard","hentry","category-262","category-politica"],"_links":{"self":[{"href":"https:\/\/www.olinews.it\/mt\/index.php?rest_route=\/wp\/v2\/posts\/2131","targetHints":{"allow":["GET"]}}],"collection":[{"href":"https:\/\/www.olinews.it\/mt\/index.php?rest_route=\/wp\/v2\/posts"}],"about":[{"href":"https:\/\/www.olinews.it\/mt\/index.php?rest_route=\/wp\/v2\/types\/post"}],"author":[{"embeddable":true,"href":"https:\/\/www.olinews.it\/mt\/index.php?rest_route=\/wp\/v2\/users\/1"}],"replies":[{"embeddable":true,"href":"https:\/\/www.olinews.it\/mt\/index.php?rest_route=%2Fwp%2Fv2%2Fcomments&post=2131"}],"version-history":[{"count":0,"href":"https:\/\/www.olinews.it\/mt\/index.php?rest_route=\/wp\/v2\/posts\/2131\/revisions"}],"wp:attachment":[{"href":"https:\/\/www.olinews.it\/mt\/index.php?rest_route=%2Fwp%2Fv2%2Fmedia&parent=2131"}],"wp:term":[{"taxonomy":"category","embeddable":true,"href":"https:\/\/www.olinews.it\/mt\/index.php?rest_route=%2Fwp%2Fv2%2Fcategories&post=2131"},{"taxonomy":"post_tag","embeddable":true,"href":"https:\/\/www.olinews.it\/mt\/index.php?rest_route=%2Fwp%2Fv2%2Ftags&post=2131"}],"curies":[{"name":"wp","href":"https:\/\/api.w.org\/{rel}","templated":true}]}}