{"id":2139,"date":"2010-02-16T00:00:10","date_gmt":"2010-02-16T00:00:10","guid":{"rendered":"http:\/\/www.comevedonoidaltonici.com\/wordpress\/?p=2139"},"modified":"2010-02-16T00:00:10","modified_gmt":"2010-02-16T00:00:10","slug":"citta-il-rimpianto-dei-poveri-per-un-mercatino-controverso","status":"publish","type":"post","link":"https:\/\/www.olinews.it\/mt\/?p=2139","title":{"rendered":"Citt\u00e0 &#8211; Il rimpianto dei poveri per un mercatino controverso"},"content":{"rendered":"<p>Ore 8,15, Caricamento, sull\u2019autobus n.1 in attesa di partenza.<br \/>\nDietro a me, due pensionati chiacchierano, brusio di sottofondo per me che sto leggendo il giornale. Poi, all\u2019improvviso, alcune parole suscitano la mia attenzione e mi metto ad ascoltare.<br \/>\nI due parlano del controverso mercatino abusivo dell\u2019usato che da ormai qualche anno occupa i portici di Sottoripa e la terra di nessuno di fronte all\u2019expo, nelle ore clandestine della mattina prima che i negozi aprano o la domenica pomeriggio, tra le auto parcheggiate.<br \/>\nUn mercatino di povere cose, che alcuni dicono rubate, ma che pi\u00f9 probabilmente sono state sottratte ai depositi \u201cStaccapanni\u201d della Caritas o alle isole ecologiche dove naufragano i relitti del consumismo e dell\u2019obsolescenza precoce.<br \/>\nUn mercatino gestito e frequentato soprattutto da immigrati, che da anni \u00e8 nel mirino dei fautori del \u201cdecoro urbano\u201d i quali, alla fine, hanno avuto la meglio.<\/p>\n<p><!--more--><br \/>\nIl mercatino, infatti, da qualche giorno \u00e8 sparito.<br \/>\nDrizzo dunque le orecchie, aspettandomi di sentire la solita sparata contro gli immigrati nullafacenti, delinquenti e ladri e per di pi\u00f9 occupatori abusivi di suolo pubblico ai danni degli onesti commercianti, ma la sorpresa \u00e8 grande quando, invece, scopro che i due ne lamentano proprio la scomparsa. Ci si comprava bene, sospira uno.<br \/>\nEh gi\u00e0, conviene l\u2019altro, guarda queste scarpe, quasi nuove e le ho pagate cinque euri. Si poteva vivere e lasciar vivere, no? Per gente come noi, era una cosa utile.<br \/>\nMeglio che andare alla parrocchia, comunque. Almeno cos\u00ec non sembrava di chiedere la carit\u00e0. Poi il discorso cambia, si passa a parlare di sport e io riprendo a leggere il giornale.<br \/>\nNon senza qualche riflessione, per\u00f2.<br \/>\nLa povert\u00e0, signori e signori, esiste. E\u2019 invisibile, mimetizzata, ma esiste. E non \u00e8 solo la povert\u00e0 estrema dei senza fissa dimora, ma \u00e8 anche quella vissuta con la dignit\u00e0 di chi non si rassegna a chiedere la carit\u00e0 e trova risposte fai da te, incontrandosi con altre povert\u00e0, diverse ma altrettanto dignitose e invisibili. In tempi in cui \u00e8 difficile perfino criticare la pratica del consumismo sfrenato senza passare per sognatori un po\u2019 ingenui e fuori dal mondo, forse il mercatino sparito di sottoripa potrebbe essere un esempio di come offrire una vita nuova a oggetti ancora utilizzabili e uno spazio di incontro e di civilt\u00e0 a coloro che la societ\u00e0 opulenta lascia al margine, migranti o nativi che essi siano. Alla faccia, se mi permettete, del decoro urbano.<br \/>\n<em>(Paola Repetto)<\/em><\/p>\n","protected":false},"excerpt":{"rendered":"<p>Ore 8,15, Caricamento, sull\u2019autobus n.1 in attesa di partenza. Dietro a me, due pensionati chiacchierano, brusio di sottofondo per me che sto leggendo il giornale. Poi, all\u2019improvviso, alcune parole suscitano la mia attenzione e mi metto ad ascoltare. I due parlano del controverso mercatino abusivo dell\u2019usato che da ormai qualche anno occupa i portici di [&hellip;]<\/p>\n","protected":false},"author":1,"featured_media":0,"comment_status":"open","ping_status":"closed","sticky":false,"template":"","format":"standard","meta":{"footnotes":""},"categories":[263,20],"tags":[],"class_list":["post-2139","post","type-post","status-publish","format-standard","hentry","category-263","category-citta"],"_links":{"self":[{"href":"https:\/\/www.olinews.it\/mt\/index.php?rest_route=\/wp\/v2\/posts\/2139","targetHints":{"allow":["GET"]}}],"collection":[{"href":"https:\/\/www.olinews.it\/mt\/index.php?rest_route=\/wp\/v2\/posts"}],"about":[{"href":"https:\/\/www.olinews.it\/mt\/index.php?rest_route=\/wp\/v2\/types\/post"}],"author":[{"embeddable":true,"href":"https:\/\/www.olinews.it\/mt\/index.php?rest_route=\/wp\/v2\/users\/1"}],"replies":[{"embeddable":true,"href":"https:\/\/www.olinews.it\/mt\/index.php?rest_route=%2Fwp%2Fv2%2Fcomments&post=2139"}],"version-history":[{"count":0,"href":"https:\/\/www.olinews.it\/mt\/index.php?rest_route=\/wp\/v2\/posts\/2139\/revisions"}],"wp:attachment":[{"href":"https:\/\/www.olinews.it\/mt\/index.php?rest_route=%2Fwp%2Fv2%2Fmedia&parent=2139"}],"wp:term":[{"taxonomy":"category","embeddable":true,"href":"https:\/\/www.olinews.it\/mt\/index.php?rest_route=%2Fwp%2Fv2%2Fcategories&post=2139"},{"taxonomy":"post_tag","embeddable":true,"href":"https:\/\/www.olinews.it\/mt\/index.php?rest_route=%2Fwp%2Fv2%2Ftags&post=2139"}],"curies":[{"name":"wp","href":"https:\/\/api.w.org\/{rel}","templated":true}]}}