{"id":2143,"date":"2010-02-16T20:03:11","date_gmt":"2010-02-16T20:03:11","guid":{"rendered":"http:\/\/www.comevedonoidaltonici.com\/wordpress\/?p=2143"},"modified":"2010-02-16T20:03:11","modified_gmt":"2010-02-16T20:03:11","slug":"globalizzazione-laboratori-sociali-e-isole-multietniche","status":"publish","type":"post","link":"https:\/\/www.olinews.it\/mt\/?p=2143","title":{"rendered":"Globalizzazione &#8211; Laboratori sociali e isole multietniche"},"content":{"rendered":"<p>Dopo l&#8217;omicidio di un ragazzo egiziano e i disordini che ne sono seguiti ora a Milano si invocano i rastrellamenti, si fanno fiaccolate del Pdl: tutti cittadini, come dice il candidato della Lega a governatore in Piemonte, che chiedono tutela per i propri diritti. Ma chi governa quel territorio da quindici anni? Ora si scopre che ci sono quartieri-ghetto, scuole a \u201cmaggioranza\u201d straniera, lavori rubati agli italiani: luoghi comuni e mezze verit\u00e0 che la crisi economica ha portato allo scoperto in Italia come in tutta Europa.<\/p>\n<p><!--more--><br \/>\nCos\u00ec in Francia si preparano \u201czone speciali\u201d per gli stranieri illegali, dopo uno sbarco di curdi in Corsica: la zona coprir\u00e0 il perimetro dove verranno trovati i clandestini; non espulsioni ma \u201cpartenze umanitarie\u201d verso un paese di origine sicuro, ammesso che ne esista uno, con un&#8217;iniziale protezione sul posto. Intanto \u00e8 al via l&#8217;esperimento in Olanda dove ai nuovi arrivati si chiede d&#8217;imparare la lingua e di vedere un film\u2026 con un bacio omosessuale. E&#8217; l&#8217;Europa delle isole etniche, dove a Bruxelles un pugno di tifosi \u00e8 andato a festeggiare la vittoria in un quartiere ad etnia turca, scontrandosi con coetanei al grido di jallah, avanti. La Svezia che ha accolto il 76% di profughi iracheni ora vorrebbe reindirizzarne almeno 10 mila verso altri Paesi Ue, mentre la Germania che ufficialmente non espelle, pratica estradizioni in larga scala, anche per piccoli reati. Questa \u00e8 l&#8217;Unione Europea che fatica a trovare una legislazione comune sull&#8217;accoglienza, pare un arlecchino il panorama di provvedimenti e il prezzo pi\u00f9 alto lo pagano le citt\u00e0, laboratori sociali dove si sperimenta l&#8217;integrazione, in attesa di un&#8217;Unione che non c&#8217;\u00e8. La vera notizia \u00e8 che l&#8217;immigrazione \u00e8 in calo per via della recessione.<br \/>\nL&#8217;unica isola multietnica apparentemente felice la trovi oggi alle olimpiadi di Vancouver. L\u00ec, la pi\u00f9 bella giovent\u00f9 del mondo si misura senza distinzione di razza: ragazzi che hanno sacrificato tempo e forze per poter partecipare al grande circo bianco. Non solo campioni e sponsor, ma giovani anche di piccole nazioni che coronano un sogno. Poche sgarberie, qualche frecciatina, ma poi conta solamente quel manto bianco, neve o ghiaccio perfidi. L&#8217;unica differenza \u00e8 che i big sono arrivati prima e in business class, ma i pi\u00f9 in classe turistica la sera stessa. A questi apparteneva Nodar, il ventunenne georgiano slittinista di terza fascia, che ha trovato la morte dietro una curva della pista pi\u00f9 veloce del mondo: infranti un sogno e una vita per un record. Ora dicono che per i migliori la velocit\u00e0 non \u00e8 un problema, per gli altri invece \u00e8 un pericolo la curva ribattezzata \u201c50-50\u201d perch\u00e9 gi\u00e0 ai campionati del mondo met\u00e0 dei concorrenti era volata. Ma alle olimpiadi s&#8217;iscrivono tanti, anche solo per poter dire io c&#8217;ero, come il giovane kazaco che non avrebbe mai gareggiato per il suo paese se non fosse caduto il muro o l&#8217;etiope che ha schettinato come poteva, esercitandosi nel suo paese in guerra e con la pista da ghiaccio che non c&#8217;\u00e8.<br \/>\n<em>(b.v.)<\/em><\/p>\n","protected":false},"excerpt":{"rendered":"<p>Dopo l&#8217;omicidio di un ragazzo egiziano e i disordini che ne sono seguiti ora a Milano si invocano i rastrellamenti, si fanno fiaccolate del Pdl: tutti cittadini, come dice il candidato della Lega a governatore in Piemonte, che chiedono tutela per i propri diritti. Ma chi governa quel territorio da quindici anni? Ora si scopre [&hellip;]<\/p>\n","protected":false},"author":1,"featured_media":0,"comment_status":"open","ping_status":"closed","sticky":false,"template":"","format":"standard","meta":{"footnotes":""},"categories":[263,7],"tags":[],"class_list":["post-2143","post","type-post","status-publish","format-standard","hentry","category-263","category-immigrazione"],"_links":{"self":[{"href":"https:\/\/www.olinews.it\/mt\/index.php?rest_route=\/wp\/v2\/posts\/2143","targetHints":{"allow":["GET"]}}],"collection":[{"href":"https:\/\/www.olinews.it\/mt\/index.php?rest_route=\/wp\/v2\/posts"}],"about":[{"href":"https:\/\/www.olinews.it\/mt\/index.php?rest_route=\/wp\/v2\/types\/post"}],"author":[{"embeddable":true,"href":"https:\/\/www.olinews.it\/mt\/index.php?rest_route=\/wp\/v2\/users\/1"}],"replies":[{"embeddable":true,"href":"https:\/\/www.olinews.it\/mt\/index.php?rest_route=%2Fwp%2Fv2%2Fcomments&post=2143"}],"version-history":[{"count":0,"href":"https:\/\/www.olinews.it\/mt\/index.php?rest_route=\/wp\/v2\/posts\/2143\/revisions"}],"wp:attachment":[{"href":"https:\/\/www.olinews.it\/mt\/index.php?rest_route=%2Fwp%2Fv2%2Fmedia&parent=2143"}],"wp:term":[{"taxonomy":"category","embeddable":true,"href":"https:\/\/www.olinews.it\/mt\/index.php?rest_route=%2Fwp%2Fv2%2Fcategories&post=2143"},{"taxonomy":"post_tag","embeddable":true,"href":"https:\/\/www.olinews.it\/mt\/index.php?rest_route=%2Fwp%2Fv2%2Ftags&post=2143"}],"curies":[{"name":"wp","href":"https:\/\/api.w.org\/{rel}","templated":true}]}}