{"id":2151,"date":"2010-02-24T17:26:53","date_gmt":"2010-02-24T17:26:53","guid":{"rendered":"http:\/\/www.comevedonoidaltonici.com\/wordpress\/?p=2151"},"modified":"2010-02-24T17:26:53","modified_gmt":"2010-02-24T17:26:53","slug":"iride-enia-lacqua-bene-pubblico-o-no","status":"publish","type":"post","link":"https:\/\/www.olinews.it\/mt\/?p=2151","title":{"rendered":"Iride-Enia &#8211; L&#8217;acqua: bene pubblico o no?"},"content":{"rendered":"<p>Tra i faccioni elettorali che giganteggiano in citt\u00e0 occhieggia un manifesto del PD, che annuncia un convegno su Iride e la riforma dei servizi pubblici locali: dopo quattro anni di discussioni e 14 mesi di annunci fatta la fusione fra Iride ed Enia, multiutility del NordOvest, che si occuper\u00e0 di acqua, gas, rifiuti, energia, la seconda per importanza in Italia.<\/p>\n<p><!--more--><br \/>\nGrande la soddisfazione dei Comuni interessati, Torino, Genova e la catena di quelli emiliani, con Parma, Piacenza e Reggio in testa. Una questione di \u201cgovernance\u201d aveva frenato il tutto ma il decreto Ronchi, che stabilisce che entro il 30 giugno 2013, i Comuni devono scendere al 40% del capitale ed entro il 2015 al 30%, ha affrettato l&#8217;unione. Ci son voluti ben 80 consigli comunali in Emilia per approvare il vincolo del 51% in mano pubblica e cos\u00ec con la certezza di detenere la maggioranza, in tempi di finanze magre, queste societ\u00e0 di servizi costituiranno vere casseforti per i Comuni.<br \/>\nLa nuova societ\u00e0 \u00e8 stata presentata come una vittoria alle spinte speculative private. Sar\u00e0. Ma la maggioranza della propriet\u00e0 pubblica perch\u00e8 dovrebbe garantire la riduzione di costi per il consumatore? Si potrebbe obiettare che mancando le regole per attuare una vera concorrenza sul mercato, non si porrebbero ostacoli ad un rialzo dei prezzi e magari maggiori introiti nelle casse comunali. I fautori della privatizzazione sostengono che eventuali aumenti di tariffe farebbero soltanto recuperare gli investimenti, migliorando nel tempo il servizio. A Milano, dove c&#8217;\u00e8 stata una gestione efficiente e tanti investimenti \u00e8 la citt\u00e0 dove l&#8217;acqua costa meno. Secondo Cittadinanzattiva invece &#8220;privato&#8221; non \u00e8 in automatico sinonimo di efficienza: a Latina, per esempio, il gruppo privato Acqua Latina ha aumentato le tariffe del 300%. A chi credere?<br \/>\nDichiara la sindaco di Genova: \u201cSono contenta, anche per i cittadini\u201d, che tuttavia pagano la bolletta pi\u00f9 cara del NordOvest, 325 euro contro i 222 di Torino per una famiglia di tre persone (<em>Il Sole 24ore<\/em>).<br \/>\nL&#8217;acqua, bene comune fuori dal mercato, invocano tanti.<br \/>\nIl Comune di Torino ha approvato una delibera dove si dice che &#8221; la propriet\u00e0 delle reti del servizio idrico \u00e8 pubblica e inalienabile&#8230; e la gestione da effettuarsi esclusivamente mediante soggetti pubblici\u201d. A Genova non \u00e8 passata cos\u00ec. Timori di Borsa.<br \/>\nIntanto l&#8217;oggetto del contendere infinito, la governance, cio\u00e8 le poltrone di comando, pare risolto con la creazione di ben sei societ\u00e0 operative, tra cui due a Genova. Alla faccia del decreto Lanzillotta che prevedeva la diminuzione di partecipate e consiglieri. In Italia ci sono 4.461 societ\u00e0 partecipate e 2.291 consorzi: secondo la Corte dei conti le imprese locali hanno 255mila dipendenti e 38mila persone con incarichi societari, una ogni 5,6 dipendenti, con stipendi da 100mila euro in su. Fino ad arrivare ai 338mila euro del presidente di Hera, altra municipalizzata che doveva unirsi: compensi e potere ad ostacolare il matrimonio?<br \/>\nLa vera scommessa dell\u2019operazione Iride-En\u00eca \u00e8 forse che la possibilit\u00e0 di maggiori investimenti, la razionalizzazione delle strutture di governo in queste imprese consenta il \u00abmiracolo\u00bb dell&#8217;abbassamento delle tariffe. Speriamo.<br \/>\n<em>(b.v.)<\/em><\/p>\n","protected":false},"excerpt":{"rendered":"<p>Tra i faccioni elettorali che giganteggiano in citt\u00e0 occhieggia un manifesto del PD, che annuncia un convegno su Iride e la riforma dei servizi pubblici locali: dopo quattro anni di discussioni e 14 mesi di annunci fatta la fusione fra Iride ed Enia, multiutility del NordOvest, che si occuper\u00e0 di acqua, gas, rifiuti, energia, la [&hellip;]<\/p>\n","protected":false},"author":1,"featured_media":0,"comment_status":"open","ping_status":"closed","sticky":false,"template":"","format":"standard","meta":{"footnotes":""},"categories":[264,20,10],"tags":[],"class_list":["post-2151","post","type-post","status-publish","format-standard","hentry","category-264","category-citta","category-politica"],"_links":{"self":[{"href":"https:\/\/www.olinews.it\/mt\/index.php?rest_route=\/wp\/v2\/posts\/2151","targetHints":{"allow":["GET"]}}],"collection":[{"href":"https:\/\/www.olinews.it\/mt\/index.php?rest_route=\/wp\/v2\/posts"}],"about":[{"href":"https:\/\/www.olinews.it\/mt\/index.php?rest_route=\/wp\/v2\/types\/post"}],"author":[{"embeddable":true,"href":"https:\/\/www.olinews.it\/mt\/index.php?rest_route=\/wp\/v2\/users\/1"}],"replies":[{"embeddable":true,"href":"https:\/\/www.olinews.it\/mt\/index.php?rest_route=%2Fwp%2Fv2%2Fcomments&post=2151"}],"version-history":[{"count":0,"href":"https:\/\/www.olinews.it\/mt\/index.php?rest_route=\/wp\/v2\/posts\/2151\/revisions"}],"wp:attachment":[{"href":"https:\/\/www.olinews.it\/mt\/index.php?rest_route=%2Fwp%2Fv2%2Fmedia&parent=2151"}],"wp:term":[{"taxonomy":"category","embeddable":true,"href":"https:\/\/www.olinews.it\/mt\/index.php?rest_route=%2Fwp%2Fv2%2Fcategories&post=2151"},{"taxonomy":"post_tag","embeddable":true,"href":"https:\/\/www.olinews.it\/mt\/index.php?rest_route=%2Fwp%2Fv2%2Ftags&post=2151"}],"curies":[{"name":"wp","href":"https:\/\/api.w.org\/{rel}","templated":true}]}}