{"id":2152,"date":"2010-02-24T17:30:22","date_gmt":"2010-02-24T17:30:22","guid":{"rendered":"http:\/\/www.comevedonoidaltonici.com\/wordpress\/?p=2152"},"modified":"2010-02-24T17:30:22","modified_gmt":"2010-02-24T17:30:22","slug":"marketing-politico-quel-che-non-sappiamo-di-nonno-mario","status":"publish","type":"post","link":"https:\/\/www.olinews.it\/mt\/?p=2152","title":{"rendered":"Marketing politico &#8211; Quel che non sappiamo di nonno Mario"},"content":{"rendered":"<p>Nonno Mario \u00e8 malfermo. Si capisce dallo sguardo triste e perso, dal pigiama a righe indossato per una \u2013 breve? \u2013 sosta all\u2019aperto, ma soprattutto da quel suo modo di appoggiarsi al palo di legno sulla sua sinistra. L\u2019anziano \u00e8 entrato da qualche mese nell\u2019immaginario dei genovesi grazie ad una sofisticata operazione di marketing politico che ha schierato nell\u2019ordine una bambina a scuola, una ricercatrice universitaria, un giovane disoccupato che beneficia di incentivi al lavoro, un pendolare, una giovane donna che ha comprato casa, ed appunto, il nonno. Tutti loro rappresentano gli obbiettivi politici raggiunti da Claudio Burlando e dalla sua giunta e lo fanno mettendoci la faccia. L\u2019operazione di marketing ha come scopo avvicinare il cittadino a loro e convincere l\u2019elettore di tutte le cose buone fatte per le fasce deboli. E\u2019 assente ad oggi la figura dell\u2019immigrato.<\/p>\n<p><!--more--><br \/>\nForse perch\u00e9 non \u00e8 un potenziale elettore. O forse perch\u00e9 verr\u00e0 presentato in una f ase successiva.<br \/>\nComunque Nonno Mario, tra le categorie scelte, \u00e8 quello che pi\u00f9 \u201cimpressiona\u201d chi lo guarda, per due ragioni: tutti in Liguria \u2013 regione di anziani \u2013 sono o hanno nonni, e in parecchi possono fare valutazioni sulla base della loro esperienza personale.<br \/>\n\u201cOra molte persone, disabili o anziani non autosufficienti, possono essere assistite a casa loro\u201d dichiara il volantino e spiega \u201cora 7000 famiglie ricevono 4200 Euro all\u2019anno per un impegno complessivo di 30 milioni di euro\u201d. A conti fatti queste famiglie ricevono al mese 350 euro chi pi\u00f9, chi meno.<br \/>\nDi seguito descriviamo l\u2019assistenza di cui necessita Nonno Walter, disabile al 100%. Sveglia la mattina, pulizia, cambio pannolone, medicine, sistemazione sulla sedia a rotelle, colazione \u2013 ma spesso \u00e8 inappetente \u2013 spostamento dalla sedia a rotelle al letto dove dorme e richiede attenzioni, pranzo, sistemazione dal letto alla sedia a rotelle, riposo, fisioterapia \u2013 che non vuole pi\u00f9 fare perch\u00e9 troppo dolorosa, tv, cena, spostamento dal letto alla sedia a rotelle. Notte. Nel suo quotidiano il Nonno Walter \u00e8 assistito principalmente dalla moglie e da un badante. E non pu\u00f2 essere lasciato solo. L\u2019anziano riceve il contributo di invalidit\u00e0 di cui sopra. L\u2019augurio \u00e8 che non debba richiedere assistenza per la notte. In questo Walter \u00e8 bravissimo perch\u00e9, altrimenti, salterebbero gli equilibri contabili ed emotivi che supportano l\u2019anziano in casa propria.<br \/>\n\u201cOra molte persone, disabili o anziani non autosufficienti, possono essere assistite a casa, grazie a quello che abbiamo potuto dar loro, ma grazie soprattutto all\u2019impegno di badanti e familiari che li accudiscono quotidianamente\u201d.<br \/>\nForse era semplicemente questo che si poteva scrivere sotto il manifesto. Perch\u00e9 il primo \u00e8 un messaggio pubblicitario. Il secondo \u00e8 un messaggio politico.<br \/>\n<em>(Giovanna Profumo)<\/em><\/p>\n","protected":false},"excerpt":{"rendered":"<p>Nonno Mario \u00e8 malfermo. Si capisce dallo sguardo triste e perso, dal pigiama a righe indossato per una \u2013 breve? \u2013 sosta all\u2019aperto, ma soprattutto da quel suo modo di appoggiarsi al palo di legno sulla sua sinistra. L\u2019anziano \u00e8 entrato da qualche mese nell\u2019immaginario dei genovesi grazie ad una sofisticata operazione di marketing politico [&hellip;]<\/p>\n","protected":false},"author":1,"featured_media":0,"comment_status":"open","ping_status":"closed","sticky":false,"template":"","format":"standard","meta":{"footnotes":""},"categories":[264,20,10,5],"tags":[],"class_list":["post-2152","post","type-post","status-publish","format-standard","hentry","category-264","category-citta","category-politica","category-propaganda"],"_links":{"self":[{"href":"https:\/\/www.olinews.it\/mt\/index.php?rest_route=\/wp\/v2\/posts\/2152","targetHints":{"allow":["GET"]}}],"collection":[{"href":"https:\/\/www.olinews.it\/mt\/index.php?rest_route=\/wp\/v2\/posts"}],"about":[{"href":"https:\/\/www.olinews.it\/mt\/index.php?rest_route=\/wp\/v2\/types\/post"}],"author":[{"embeddable":true,"href":"https:\/\/www.olinews.it\/mt\/index.php?rest_route=\/wp\/v2\/users\/1"}],"replies":[{"embeddable":true,"href":"https:\/\/www.olinews.it\/mt\/index.php?rest_route=%2Fwp%2Fv2%2Fcomments&post=2152"}],"version-history":[{"count":0,"href":"https:\/\/www.olinews.it\/mt\/index.php?rest_route=\/wp\/v2\/posts\/2152\/revisions"}],"wp:attachment":[{"href":"https:\/\/www.olinews.it\/mt\/index.php?rest_route=%2Fwp%2Fv2%2Fmedia&parent=2152"}],"wp:term":[{"taxonomy":"category","embeddable":true,"href":"https:\/\/www.olinews.it\/mt\/index.php?rest_route=%2Fwp%2Fv2%2Fcategories&post=2152"},{"taxonomy":"post_tag","embeddable":true,"href":"https:\/\/www.olinews.it\/mt\/index.php?rest_route=%2Fwp%2Fv2%2Ftags&post=2152"}],"curies":[{"name":"wp","href":"https:\/\/api.w.org\/{rel}","templated":true}]}}