{"id":2154,"date":"2010-03-03T17:41:05","date_gmt":"2010-03-03T17:41:05","guid":{"rendered":"http:\/\/www.comevedonoidaltonici.com\/wordpress\/?p=2154"},"modified":"2010-03-03T17:41:05","modified_gmt":"2010-03-03T17:41:05","slug":"lettere-figli-e-cani-in-soccorso-della-politica","status":"publish","type":"post","link":"https:\/\/www.olinews.it\/mt\/?p=2154","title":{"rendered":"Lettere &#8211; Figli e cani in soccorso della politica"},"content":{"rendered":"<p>Camminando per strada in questi giorni, non si pu\u00f2 fare a meno di osservare grandi manifesti che riportano volti sconosciuti ma anche (aim\u00e8, rieccoli!) volti pi\u00f9 noti, di persone che si propongono come candidati per le prossime amministrative regionali. Uomini e donne (pi\u00f9 uomini che donne), volti sorridenti, esibiti con cura fotogenica, vezzosamente immortalati al meglio della loro espressivit\u00e0.<br \/>\nE ancora, una candidata per un partito dei pensionati che ci mette la faccia, ma quella che aveva pi\u00f9 di trent\u2019anni fa, diventando protagonista di una foto d\u2019epoca. E\u2019 paradossale voler rappresentare i pensionati, gente di una \u201ccerta\u201d et\u00e0, ma non accettare il cambiamento che il tempo ha stampato sul proprio volto. La vecchiaia \u00e8 dunque un disvalore? Cos\u2019altro ci pu\u00f2 dire questa candidata?<\/p>\n<p><!--more--><br \/>\nQualcun altro invece, oltre alla propria faccia, ci mette anche quella del proprio cane. Un messaggio politico? Forse per i protagonisti \u00e8 un capolavoro comunicativo. Questi volti sono per se stessi delle pantomime personali. Solo riconoscendo con fatica i simboli dei partiti e leggendo di promesse solenni, di soluzioni di problemi, di impegni da mantenere, ecc., ecc., questi volti possono rinviare a qualcosa di politico e non ad un concorso di bellezza.<br \/>\nIn tutta questa galleria di volti, la cosa che mi ha fatto trasecolare, \u00e8 stata la vista di due donne candidate di partiti antagonisti, mettere non solo la propria faccia, ma anche quella dei propri figli: aiuto! Qualcuno chiami Telefono Azzurro. Perch\u00e9 un bimbo di pochi mesi, e una bimba di 6\/7 anni mettono le loro faccie e partecipano alla campagna elettorale? Non sarebbe pi\u00f9 giusto aspettare che raggiungano la maggiore et\u00e0 per svolgere questa parte in libera scelta?<br \/>\nPerch\u00e9 alcune donne, come oggetto di promozione esibiscono e mostrano i figli? Gli uomini non lo fanno! Forse si bastano. Forse i figli appartengono solo alle madri? Forse le donne si sentono pi\u00f9 accettate dalla societ\u00e0 mostrandosi prima di tutto madri? Ruolo di garanzia, di concretezza per le faccende politiche?<br \/>\nOppure, atto rivoluzionario e tanto rivendicato da altre donne: \u201cil privato \u00e8 politico\u201d. Ma questa \u00e8 tutta un\u2019altra storia, e mi chiedo se queste donne ne conoscano il significato.<br \/>\nL\u2019idea dei volti dispensati con molesta insistenza non mi sembra n\u00e9 convincente n\u00e9 strategicamente propizia.<br \/>\nAllora mi viene in ricordo una frase dal Contratto Sociale di J.J. Rousseau: \u201cIl corpo politico, al pari del corpo umano, comincia a morire fin dalla nascita, e reca in s\u00e9 stesso le cause della sua distruzione\u201d.<br \/>\n<em>(Luciana Brunod)<\/em><\/p>\n","protected":false},"excerpt":{"rendered":"<p>Camminando per strada in questi giorni, non si pu\u00f2 fare a meno di osservare grandi manifesti che riportano volti sconosciuti ma anche (aim\u00e8, rieccoli!) volti pi\u00f9 noti, di persone che si propongono come candidati per le prossime amministrative regionali. Uomini e donne (pi\u00f9 uomini che donne), volti sorridenti, esibiti con cura fotogenica, vezzosamente immortalati al [&hellip;]<\/p>\n","protected":false},"author":1,"featured_media":0,"comment_status":"open","ping_status":"closed","sticky":false,"template":"","format":"standard","meta":{"footnotes":""},"categories":[265,160],"tags":[],"class_list":["post-2154","post","type-post","status-publish","format-standard","hentry","category-265","category-lettere"],"_links":{"self":[{"href":"https:\/\/www.olinews.it\/mt\/index.php?rest_route=\/wp\/v2\/posts\/2154","targetHints":{"allow":["GET"]}}],"collection":[{"href":"https:\/\/www.olinews.it\/mt\/index.php?rest_route=\/wp\/v2\/posts"}],"about":[{"href":"https:\/\/www.olinews.it\/mt\/index.php?rest_route=\/wp\/v2\/types\/post"}],"author":[{"embeddable":true,"href":"https:\/\/www.olinews.it\/mt\/index.php?rest_route=\/wp\/v2\/users\/1"}],"replies":[{"embeddable":true,"href":"https:\/\/www.olinews.it\/mt\/index.php?rest_route=%2Fwp%2Fv2%2Fcomments&post=2154"}],"version-history":[{"count":0,"href":"https:\/\/www.olinews.it\/mt\/index.php?rest_route=\/wp\/v2\/posts\/2154\/revisions"}],"wp:attachment":[{"href":"https:\/\/www.olinews.it\/mt\/index.php?rest_route=%2Fwp%2Fv2%2Fmedia&parent=2154"}],"wp:term":[{"taxonomy":"category","embeddable":true,"href":"https:\/\/www.olinews.it\/mt\/index.php?rest_route=%2Fwp%2Fv2%2Fcategories&post=2154"},{"taxonomy":"post_tag","embeddable":true,"href":"https:\/\/www.olinews.it\/mt\/index.php?rest_route=%2Fwp%2Fv2%2Ftags&post=2154"}],"curies":[{"name":"wp","href":"https:\/\/api.w.org\/{rel}","templated":true}]}}