{"id":222,"date":"2004-12-23T12:01:53","date_gmt":"2004-12-23T12:01:53","guid":{"rendered":"http:\/\/www.comevedonoidaltonici.com\/wordpress\/?p=222"},"modified":"2004-12-23T12:01:53","modified_gmt":"2004-12-23T12:01:53","slug":"regione-la-sicurezza-sul-lavoro-ce-ne-siamo-dimenticati","status":"publish","type":"post","link":"https:\/\/www.olinews.it\/mt\/?p=222","title":{"rendered":"<i>Regione<\/i>. La sicurezza sul lavoro? Ce ne siamo dimenticati"},"content":{"rendered":"<p>La stampa cittadina ha praticamente ignorato il ricorrente appuntamento annuale dell\u2019INAIL sulla situazione degli infortuni e delle malattie professionali in Liguria. Peccato, perch\u00e9 non solo quest\u2019anno il convegno \u00e8 stato particolarmente interessante, ma ha avuto un esordio che valeva la pena di registrare.<\/p>\n<p><!--more--><br \/>\nDunque, l\u2019organizzazione dei lavori prevedeva una tavola rotonda tra INAIL, Sindacato,  Associazioni imprenditoriali e Regione. Alla tavola rotonda per\u00f2 la Regione \u00e8 rappresentata da una dirigente, la dottoressa Sensi, perch\u00e9 l\u2019assessore Abbundo dichiara di avere impegni non rinviabili e si rende disponibile solo per un intervento senza contraddittorio ad inizio lavori. Il direttore regionale dell\u2019INAIL Gian Paolo Colicchio non gliela perdona e nel dargli la parola gli dice: \u201cAssessore, visto che non potr\u00e0 partecipare al confronto, due o tre domande gliele rivolgo io. Infatti noto una scarsa attenzione della Regione Liguria sul tema della sicurezza e della prevenzione e a questo proposito posso fare un confronto immediato con quello che avviene in una Regione confinante, perch\u00e9 svolgo il mio ruolo anche in Piemonte. Bene, l\u00ec io sono pressato dalle iniziative assunte dalla Amministrazione regionale, mentre qui, diciamo, questa pressione \u00e8 meno sensibile. Detta in termini espliciti, qui mancano certezze programmatiche, di risorse e di impegno e anche se registriamo un leggero calo degli indicatori infortunistici non possiamo certo esprimere soddisfazione perch\u00e9 mancano iniziative indirizzate a creare una cultura della sicurezza. Se l\u2019Assessore vuole dirci qualcosa in proposito\u2026\u201d<br \/>\nDa questo punto in poi parte l\u2019imbarazzante arrampicata assessorile sugli specchi. Abbundo dice che s\u00ec, per un periodo \u00e8 mancata una regia per \u201cuna serie di motivi che ora \u00e8 inutile elencare\u201d, ma che negli ultimi due anni la Regione \u00e8 stata protagonista di iniziative \u201cmai viste prima\u201d, e cita interventi che con la sicurezza niente hanno a che fare (borse lavoro, nuovo apprendistato \u2026); poi per\u00f2 assicura di essere sensibile al tema e garantisce che da ora in poi (fino ad Aprile?) si faranno cose mirabili\u2026<br \/>\nLa povera dirigente,  nella successiva tavola rotonda, si aggrappa all\u2019accordo firmato a Luglio tra Regione Liguria e CGIL CISL UIL e lo riassume, con qualche libera interpretazione, all\u2019uditorio come se gli impegni dell\u2019accordo fossero gi\u00e0 atti della Regione. La segretaria della CGIL, Anna Giacobbe, puntualizza che quelli erano appunto impegni e che finora non se ne \u00e8 vista nemmeno l\u2019ombra di un inizio di attuazione. Colicchio conclude ribadendo che gli sembra necessario dare uno scrollone a questi assessorati che mandano allo sbaraglio i propri dirigenti.<br \/>\nIl TG3 della Liguria informa di tutto ci\u00f2 i cittadini offrendo un approfondimento su un aspetto specifico affrontato dal convegno (i tumori di origine professionale) e risolve il resto dicendo che l\u2019assessore Abbundo (inquadrato dalla telecamera) ha espresso la sensibilit\u00e0 della Regione al tema della sicurezza sul lavoro.<br \/>\n<em>(Paola Pierantoni)<\/em><\/p>\n","protected":false},"excerpt":{"rendered":"<p>Newsletter n. 39<\/p>\n","protected":false},"author":1,"featured_media":0,"comment_status":"open","ping_status":"closed","sticky":false,"template":"","format":"standard","meta":{"footnotes":""},"categories":[41,8],"tags":[],"class_list":["post-222","post","type-post","status-publish","format-standard","hentry","category-41","category-lavoro"],"_links":{"self":[{"href":"https:\/\/www.olinews.it\/mt\/index.php?rest_route=\/wp\/v2\/posts\/222","targetHints":{"allow":["GET"]}}],"collection":[{"href":"https:\/\/www.olinews.it\/mt\/index.php?rest_route=\/wp\/v2\/posts"}],"about":[{"href":"https:\/\/www.olinews.it\/mt\/index.php?rest_route=\/wp\/v2\/types\/post"}],"author":[{"embeddable":true,"href":"https:\/\/www.olinews.it\/mt\/index.php?rest_route=\/wp\/v2\/users\/1"}],"replies":[{"embeddable":true,"href":"https:\/\/www.olinews.it\/mt\/index.php?rest_route=%2Fwp%2Fv2%2Fcomments&post=222"}],"version-history":[{"count":0,"href":"https:\/\/www.olinews.it\/mt\/index.php?rest_route=\/wp\/v2\/posts\/222\/revisions"}],"wp:attachment":[{"href":"https:\/\/www.olinews.it\/mt\/index.php?rest_route=%2Fwp%2Fv2%2Fmedia&parent=222"}],"wp:term":[{"taxonomy":"category","embeddable":true,"href":"https:\/\/www.olinews.it\/mt\/index.php?rest_route=%2Fwp%2Fv2%2Fcategories&post=222"},{"taxonomy":"post_tag","embeddable":true,"href":"https:\/\/www.olinews.it\/mt\/index.php?rest_route=%2Fwp%2Fv2%2Ftags&post=222"}],"curies":[{"name":"wp","href":"https:\/\/api.w.org\/{rel}","templated":true}]}}