{"id":2236,"date":"2010-05-05T23:09:01","date_gmt":"2010-05-05T23:09:01","guid":{"rendered":"http:\/\/www.comevedonoidaltonici.com\/wordpress\/?p=2236"},"modified":"2010-05-05T23:09:01","modified_gmt":"2010-05-05T23:09:01","slug":"politica-i-mille-che-arrivano-dalla-spagna","status":"publish","type":"post","link":"https:\/\/www.olinews.it\/mt\/?p=2236","title":{"rendered":"Politica &#8211; I Mille che arrivano dalla Spagna"},"content":{"rendered":"<p>Il 26 giugno, da Barcellona arriver\u00e0 a Genova la &#8220;nave dei diritti&#8221;, che intanto naviga sul web: sul sito <a href=\"http:\/\/www.losbarco.org\">www.losbarco.org<\/a> i preparativi fervono, quasi certi gli accordi con navi di linea per ottenere un prezzo popolare, 100 euro a persona, si legge sul sito de il &#8220;diario di bordo di un&#8217;impresa possibile&#8221;.<br \/>\nA Genova, \u00e8 nato un comitato per l&#8217;accoglienza dei &#8220;naviganti&#8221; (genova@losbarco.org). E su Facebook, i sostenitori sono gi\u00e0 oltre 2.500 (<a href=\"http:\/\/www.facebook.com\/group.php?v=wall&#038;ref=ts&#038;gid=194381832751\">http:\/\/www.facebook.com\/group.php?v=wall&#038;ref=ts&#038;gid=194381832751<\/a>). A Milano il corteo dell&#8217;iniziativa in piazza il 25 aprile, ma soltanto il Manifesto ne ha parlato.<br \/>\nSul sito, il &#8220;diario di bordo di un&#8217;impresa possibile&#8221;, con l&#8217;obiettivo di mille partecipanti.<\/p>\n<p><!--more--><br \/>\nSar\u00e0 la nave dei diritti, che ricorder\u00e0 la nostra Costituzione e la sua origine, laica e pluralista, la centralit\u00e0 della libert\u00e0 e della democrazia vera, partecipata, trasparente: dai luoghi di lavoro alle scuole, ai quartieri, ai servizi, al territorio. Ricorder\u00e0 che il pianeta che abbiamo \u00e8 uno, il Mediterraneo non solo il nostro mare, ma di tutti i popoli. Che chiunque ha diritto di esistere, spostarsi, viaggiare, migrare, come ha diritto che la sua terra non sia sfruttata, depredata.<br \/>\nDall\u2019estero si ha il vantaggio di non essere quotidianamente bombardati da un\u2019informazione spesso malsana ma si percepisce comunque crescere il razzismo, l\u2019arroganza, il malaffare, la diffusa cultura mafiosa, la mancanza di risposte per il mondo del lavoro sempre pi\u00f9 precario, in un crescendo di disinteresse per il bene comune.<br \/>\nIl primo incontro tra genovesi e barcellonesi \u00e8 stato il 31 dicembre 2009, alla comunit\u00e0 di San Benedetto. Il manifesto \u201cE la barca va \u201c dichiara l\u2019amore per il proprio paese e la cultura, la difesa di una serie di valori con il desiderio di confrontarsi e reagire, Su YouTube si moltiplicano le adesioni: il nobel Jos\u00e8 Saramago, Dario Fo , Antonio Tabucchi, Valentino Parlato, Gherardo Colombo, Erri De Luca &#8230; Proprio di quest&#8217;ultimo legge una poesia su YouTube di una ragazza rom, Diana Pavlovic, che ricordando gli eccidi passati, sottolinea che \u201cla distruzione\u201d c&#8217;\u00e8 ancora, strisciante ed efficace.<br \/>\nCos\u00ec hanno aderito i genitori della scuola Rubattino di Milano, che avevano denunciato \u201c la scomparsa\u201d dei bambini rom dalla scuola perch\u00e9 sgombrati i campi dove abitavano.<br \/>\nArriva dalla Grecia l&#8217;adesione di una ragazza dell&#8217;associazione Bella Ciao. C&#8217;\u00e8 poi il gruppo di Bruxelles, giovani emigrati o studenti, come Paolo da Modena, Dario da Bergamo, dottorandi. Altri sono figli di emigrati in Belgio, nati magari l\u00ec, che vogliono esprimere solidariet\u00e0 ai tanti italiani che vivono, lavorano nella legalit\u00e0, nell&#8217;onest\u00e0 e &#8230; \u201cresistono, resistono\u201d, sottolineano Marco, cameraman, e Paola, film-maker. Andrea Lotto, maestro, racconta dello \u201csbarco\u201d, un&#8217;idea nata da un gruppo di amici italiani di Barcellona che con una punta di autoironia, inventa un\u2019azione concreta, di scossa dell\u2019opinione pubblica, come ponte ideale sul Mare Mediterraneo, per le problematiche che accomunano Italia e Spagna, dall&#8217;immigrazione al lavoro \u201cPerch\u00e9 in l&#8217;Italia ci si potr\u00e0 tornare solo in vacanza, vista l&#8217;aria che tira e il lavoro che non c&#8217;\u00e8\u201d dicono Cecilia, insegnante, e Lino, architetto.<br \/>\nE&#8217; quindi \u201cuna spedizione\u201d simbolica in Italia: ricorder\u00e0 che esistere pu\u00f2 voler dire resistere, difendere la propria e l\u2019altrui dignit\u00e0. Ricorre il 150\u00ba anniversario dello Sbarco dei Mille in Sicilia, cos\u00ec il viaggio significher\u00e0 sentirsi vicini a quel momento di grande speranza del Risorgimento italiano, ricordare quell\u2019impresa, dare un contributo a un auspicato cambiamento. Creando ponti, non muri.<br \/>\nS\u00ec, proprio uno sbarco in Italia in piena regola. Per dire no a un&#8217;Italia alla deriva.<br \/>\n<em>(Bianca Vergati)<\/em><\/p>\n","protected":false},"excerpt":{"rendered":"<p>Il 26 giugno, da Barcellona arriver\u00e0 a Genova la &#8220;nave dei diritti&#8221;, che intanto naviga sul web: sul sito www.losbarco.org i preparativi fervono, quasi certi gli accordi con navi di linea per ottenere un prezzo popolare, 100 euro a persona, si legge sul sito de il &#8220;diario di bordo di un&#8217;impresa possibile&#8221;. A Genova, \u00e8 [&hellip;]<\/p>\n","protected":false},"author":1,"featured_media":0,"comment_status":"open","ping_status":"closed","sticky":false,"template":"","format":"standard","meta":{"footnotes":""},"categories":[273,10],"tags":[],"class_list":["post-2236","post","type-post","status-publish","format-standard","hentry","category-273","category-politica"],"_links":{"self":[{"href":"https:\/\/www.olinews.it\/mt\/index.php?rest_route=\/wp\/v2\/posts\/2236","targetHints":{"allow":["GET"]}}],"collection":[{"href":"https:\/\/www.olinews.it\/mt\/index.php?rest_route=\/wp\/v2\/posts"}],"about":[{"href":"https:\/\/www.olinews.it\/mt\/index.php?rest_route=\/wp\/v2\/types\/post"}],"author":[{"embeddable":true,"href":"https:\/\/www.olinews.it\/mt\/index.php?rest_route=\/wp\/v2\/users\/1"}],"replies":[{"embeddable":true,"href":"https:\/\/www.olinews.it\/mt\/index.php?rest_route=%2Fwp%2Fv2%2Fcomments&post=2236"}],"version-history":[{"count":0,"href":"https:\/\/www.olinews.it\/mt\/index.php?rest_route=\/wp\/v2\/posts\/2236\/revisions"}],"wp:attachment":[{"href":"https:\/\/www.olinews.it\/mt\/index.php?rest_route=%2Fwp%2Fv2%2Fmedia&parent=2236"}],"wp:term":[{"taxonomy":"category","embeddable":true,"href":"https:\/\/www.olinews.it\/mt\/index.php?rest_route=%2Fwp%2Fv2%2Fcategories&post=2236"},{"taxonomy":"post_tag","embeddable":true,"href":"https:\/\/www.olinews.it\/mt\/index.php?rest_route=%2Fwp%2Fv2%2Ftags&post=2236"}],"curies":[{"name":"wp","href":"https:\/\/api.w.org\/{rel}","templated":true}]}}