{"id":2237,"date":"2010-05-05T23:11:49","date_gmt":"2010-05-05T23:11:49","guid":{"rendered":"http:\/\/www.comevedonoidaltonici.com\/wordpress\/?p=2237"},"modified":"2010-05-05T23:11:49","modified_gmt":"2010-05-05T23:11:49","slug":"lavoro-mayday-mayday","status":"publish","type":"post","link":"https:\/\/www.olinews.it\/mt\/?p=2237","title":{"rendered":"Lavoro &#8211; MayDay! MayDay!"},"content":{"rendered":"<p>Su <em>Il Secolo XIX<\/em> del 1 maggio Giuseppe Berta, Professore associato di Storia Contemporanea alla Bocconi, afferma: \u201cLa ricorrenza del 1 maggio si \u00e8 annunciata quest\u2019anno in tono minore e dimesso, ancor peggio degli anni scorsi\u201d, e aggiunge che questa celebrazione \u201cSar\u00e0 sempre pi\u00f9 ritualistica, ma di fatto depotenziata\u201d. Le tre grandi organizzazioni sindacali \u201cfingeranno\u201d soltanto di aver superato divisioni che segnano l\u2019anacronismo della situazione sindacale italiana: \u201cCgil da una parte, e Cisl e Uil dall\u2019altra restano organizzazioni che si fronteggiano con lo stesso senso di diversit\u00e0 di cinquant\u2019anni fa, con la differenza che allora si ipotizzava di superare questo contrasto, mentre adesso ci siamo rassegnati a considerarlo permanente\u201d.<\/p>\n<p><!--more--><br \/>\nLa conseguenza \u00e8 \u201cUna realt\u00e0 sindacale niente affatto incoraggiante. Da lungo tempo il sindacato italiano non smuove le passioni collettive che hanno fatto la sua forza nell\u2019autunno caldo del 1969 e in seguito. Appare piuttosto come una organizzazione largamente burocratica, volta spesso ad amministrare con parsimonia il proprio presente, e priva, al pari della societ\u00e0 italiana nel suo complesso, di una prospettiva di futuro\u201d Tuttavia le cronache del giorno dopo non parlano di vuoti o fallimenti: 20mila le persone a Rosarno, dove erano i tre segretari generali, fino a 30mila ai cortei di Milano e Torino, sulle 700mila le presenze al concerto di Roma.<br \/>\nResta per\u00f2 l\u2019immagine complessiva di un puzzle debole e frammentato che le parole d\u2019ordine \u201cLavoro, legalit\u00e0, solidariet\u00e0\u201d non hanno avuto al forza di ricomporre.<br \/>\nA Milano questa frattura si \u00e8 espressa in modo evidente con due cortei: al mattino quello sindacale con i suoi 30mila partecipanti. Al pomeriggio invece la MayDay Parade 2010, dove le presenze erano pi\u00f9 del doppio.<br \/>\nAndando sul sito degli organizzatori <a href=\"http:\/\/www.euromayday.org\">www.euromayday.org<\/a> ci si trova di fronte ad un linguaggio diretto, aperto al mondo, che accoglie echi di femminismo, di impegno ambientalista, di antirazzismo: \u201c \u2026 Reclamiamo una scuola pubblica di qualit\u00e0, un sistema di trasporti sostenibile e popolare, dei saperi liberi, fino ai diritti che non \u00e8 pi\u00f9 possibile legare solo al contratto a tempo indeterminato, come ferie pagate, pensione, malattia, maternit\u00e0. Vogliamo un nuovo sistema di diritti, un welfare adatto alle nostre vite! Scenderemo nelle strade con rabbia e con gioia, per riappropriarci della citt\u00e0 e far sentire la nostra voce. Saremo una <em>macho free zone<\/em>, per costruire un immaginario libero dalla cultura machista. Rivendichiamo una produzione culturale alternativa al piattume imperante, e vogliamo diffondere una conoscenza che sia realmente libera, condivisa e accessibile. Denunceremo la stupidit\u00e0 criminale del razzismo leghista e n on solo e mostreremo un presente di sorellanza tra nativi e migranti. Proporremo un\u2019idea di futuro con lo spezzone no-oil a pedali e i sound system alimentati a pannelli solari. Diremo no alle speculazioni di Expo 2015, fatte sulla pelle dei cittadini e sui nostri territori martoriati. Precarie, operai, partite iva, hacker, cassintegrate, studenti, creative, commessi, giornaliste, disoccupati, stagiste \u2013 nativi e migranti. Da Dortmund, Ginevra, Amburgo, Hanau, Lisbona, L\u2019Aquila, Losanna, Malaga, Milano, Palermo, Tubingen, Zurigo, Tokio, Toronto e Tsukuba, uniamoci contro la crisi e gridiamo: Mayday Mayday! Precarious of the world let\u2019s fight! Saliamo sui tetti del mondo per opporci alla precarizzazione, per rivendicare reddito, diritti e cittadinanza per tutte\/i. Il passato sta affondando. Il futuro siamo noi!\u201d.<br \/>\nNella sostanza alcuni obiettivi probabilmente coincidono con quelli del sindacato, ma quello che si respira qui \u00e8 la capacit\u00e0 di esprimerli con passione e nettezza, legando tra loro, anche con la suggestione dei termini, i molti piani complessi della realt\u00e0. Ci devono essere parecchie ragazze, tra chi anima il Mayday.<br \/>\n<em>(Paola Pierantoni)<\/em><\/p>\n","protected":false},"excerpt":{"rendered":"<p>Su Il Secolo XIX del 1 maggio Giuseppe Berta, Professore associato di Storia Contemporanea alla Bocconi, afferma: \u201cLa ricorrenza del 1 maggio si \u00e8 annunciata quest\u2019anno in tono minore e dimesso, ancor peggio degli anni scorsi\u201d, e aggiunge che questa celebrazione \u201cSar\u00e0 sempre pi\u00f9 ritualistica, ma di fatto depotenziata\u201d. Le tre grandi organizzazioni sindacali \u201cfingeranno\u201d [&hellip;]<\/p>\n","protected":false},"author":1,"featured_media":0,"comment_status":"open","ping_status":"closed","sticky":false,"template":"","format":"standard","meta":{"footnotes":""},"categories":[273,8],"tags":[],"class_list":["post-2237","post","type-post","status-publish","format-standard","hentry","category-273","category-lavoro"],"_links":{"self":[{"href":"https:\/\/www.olinews.it\/mt\/index.php?rest_route=\/wp\/v2\/posts\/2237","targetHints":{"allow":["GET"]}}],"collection":[{"href":"https:\/\/www.olinews.it\/mt\/index.php?rest_route=\/wp\/v2\/posts"}],"about":[{"href":"https:\/\/www.olinews.it\/mt\/index.php?rest_route=\/wp\/v2\/types\/post"}],"author":[{"embeddable":true,"href":"https:\/\/www.olinews.it\/mt\/index.php?rest_route=\/wp\/v2\/users\/1"}],"replies":[{"embeddable":true,"href":"https:\/\/www.olinews.it\/mt\/index.php?rest_route=%2Fwp%2Fv2%2Fcomments&post=2237"}],"version-history":[{"count":0,"href":"https:\/\/www.olinews.it\/mt\/index.php?rest_route=\/wp\/v2\/posts\/2237\/revisions"}],"wp:attachment":[{"href":"https:\/\/www.olinews.it\/mt\/index.php?rest_route=%2Fwp%2Fv2%2Fmedia&parent=2237"}],"wp:term":[{"taxonomy":"category","embeddable":true,"href":"https:\/\/www.olinews.it\/mt\/index.php?rest_route=%2Fwp%2Fv2%2Fcategories&post=2237"},{"taxonomy":"post_tag","embeddable":true,"href":"https:\/\/www.olinews.it\/mt\/index.php?rest_route=%2Fwp%2Fv2%2Ftags&post=2237"}],"curies":[{"name":"wp","href":"https:\/\/api.w.org\/{rel}","templated":true}]}}