{"id":2248,"date":"2010-05-12T23:54:29","date_gmt":"2010-05-12T23:54:29","guid":{"rendered":"http:\/\/www.comevedonoidaltonici.com\/wordpress\/?p=2248"},"modified":"2010-05-12T23:54:29","modified_gmt":"2010-05-12T23:54:29","slug":"ambiente-la-politica-e-il-consumo-di-territorio","status":"publish","type":"post","link":"https:\/\/www.olinews.it\/mt\/?p=2248","title":{"rendered":"Ambiente &#8211; La politica e il consumo di territorio"},"content":{"rendered":"<p>\u201cMi capita a volte di andare a vedere che cosa \u00e8 stato realizzato e mi chiedo che cosa \u00e8 successo\u201d cos\u00ec esordiva Franco Lorenzani, direttore della commissione urbanistica della Regione Liguria all&#8217;incontro sulla &#8220;Trasformazione dei paesaggi italiani&#8221; di marzo 2010, e proseguiva lamentando che questioni burocratiche, contesti di forte contrasto, \u201csistema di vincoli\u201d in realt\u00e0 frenano il lavoro e il controllo della pubblica amministrazione. Citando come esempio il porticciolo di Imperia, che diverr\u00e0 il pi\u00f9 grande del Mediterraneo, \u201cla cui realizzazione \u00e8 andata al di l\u00e0 degli intenti\u201d. Che monelli, Caltagirone e i suoi soci ponentini.<\/p>\n<p><!--more--><br \/>\nAnaloga tesi ribadisce nuovamente il succitato architetto al convegno Legambiente del 27 aprile u.s. sul consumo di suolo, rispondendo a Paolo Pileri, Politecnico di Milano, ingegneria del territorio e dell&#8217;ambiente, che sottolineava come soltanto in 5 regioni italiane, Lombardia, Piemonte, Emilia Romagna, Toscana, Friuli esista un monitoraggio del territorio.<br \/>\nDunque le responsabilit\u00e0 sono altrove, sostiene il funzionario. Interessante: chi ha permesso in Liguria l&#8217;assalto dalla costa all&#8217;entroterra, alla nuova libecciata di cemento come negli anni &#8217;50? Come mai non si \u00e8 ancora varata la legge sulla valutazione d&#8217;impatto ambientale, VAS, o il piano paesistico per la Liguria? Alla faccia del Titolo V\u00b0 della Costituzione che delega alle regioni la tutela del territorio.<br \/>\nGli scandali di questi giorni conducono spesso al mondo dell&#8217;edilizia privata e pubblica. &#8220;L&#8217;Osservatorio nazionale sui consumi di suolo&#8221; ha rilevato che in Italia si va affermando sempre pi\u00f9 la citt\u00e0 \u201cdiffusa\u201d, ovvero edifici, strade, infrastrutture, spalmati dappertutto. Negli ultimi vent&#8217; anni consumati 10 ettari (10mila mq) al giorno in Lombardia, tanto quanto 14 campi da calcio, in Emilia Romagna 8 ettari e poco meno di un ettaro in Friuli. Aree tra le pi\u00f9 urbanizzate con modello pianura padana, costellata di capannoni, villette, centri commerciali: in Lombardia si raccolgono firme per una proposta di legge popolare contro.<br \/>\nAnche se paiono essere i boschi ad avanzare, in realt\u00e0 sono terreni agricoli, prati e colline a scomparire. Cos\u00ec si continua a edificare il nuovo, a riempire spazi vuoti.<br \/>\nLa nuova urbanizzazione cresce quanto pi\u00f9 ci si allontana dal centro delle citt\u00e0, intensamente nei piccoli comuni: irresistibili gli oneri di urbanizzazione introitati nella spesa corrente, monetizzati per necessit\u00e0 e per avidit\u00e0, neppure riconvertiti in servizi per la comunit\u00e0.<br \/>\nUna pianificazione urbana dovrebbe prevedere e provvedere prima a mezzi pubblici, scuole, infrastrutture e poi concedere l&#8217;edificazione come avviene in altri paesi d&#8217;Europa, mentre in Italia cattive abitudini e mancanza di servizi fanno muovere in auto individualmente ogni giorno migliaia di persone. Un&#8217;elevata mobilit\u00e0 con conseguenti consumi energetici, dispendio di risorse e di tempo non dedicato a s\u00e9, alla famiglia, al lavoro.<br \/>\nCos\u00ec nella nostra citt\u00e0 si faranno gli Erzelli, con forti contributi regionali, idea meravigliosa di cittadella della conoscenza e della tecnologia, ma ancora oscure sono le vie per raggiungerli.<br \/>\nSlow, la pianificazione del territorio o della mobilit\u00e0 nell&#8217;intreccio di competenze fra enti: vedi il piano paesistico regionale che, dopo un intero mandato, non s&#8217;\u00e8 ancora visto, confidiamo nei prossimi 5 anni. Oppure il PUM (piano urbano di mobilit\u00e0) di Genova, appena approvato, tempi di applicazione speriamo nel biennio.<br \/>\nIn compenso \u00e8 stata licenziata la legge regionale su \u201dLa salvaguardia della costa\u201d, sottolineava compiaciuto il funzionario. Quando in ogni golfetto possibile ormai \u00e8 stato progettato il porticciolo di turno.<br \/>\n<a href=\"http:\/\/www.stopalconsumoditerritorio.it\">www.stopalconsumoditerritorio.it<\/a><br \/>\n<em>(Bianca Vergati)<\/em><\/p>\n","protected":false},"excerpt":{"rendered":"<p>\u201cMi capita a volte di andare a vedere che cosa \u00e8 stato realizzato e mi chiedo che cosa \u00e8 successo\u201d cos\u00ec esordiva Franco Lorenzani, direttore della commissione urbanistica della Regione Liguria all&#8217;incontro sulla &#8220;Trasformazione dei paesaggi italiani&#8221; di marzo 2010, e proseguiva lamentando che questioni burocratiche, contesti di forte contrasto, \u201csistema di vincoli\u201d in realt\u00e0 [&hellip;]<\/p>\n","protected":false},"author":1,"featured_media":0,"comment_status":"open","ping_status":"closed","sticky":false,"template":"","format":"standard","meta":{"footnotes":""},"categories":[274,22,10],"tags":[],"class_list":["post-2248","post","type-post","status-publish","format-standard","hentry","category-274","category-ambiente","category-politica"],"_links":{"self":[{"href":"https:\/\/www.olinews.it\/mt\/index.php?rest_route=\/wp\/v2\/posts\/2248","targetHints":{"allow":["GET"]}}],"collection":[{"href":"https:\/\/www.olinews.it\/mt\/index.php?rest_route=\/wp\/v2\/posts"}],"about":[{"href":"https:\/\/www.olinews.it\/mt\/index.php?rest_route=\/wp\/v2\/types\/post"}],"author":[{"embeddable":true,"href":"https:\/\/www.olinews.it\/mt\/index.php?rest_route=\/wp\/v2\/users\/1"}],"replies":[{"embeddable":true,"href":"https:\/\/www.olinews.it\/mt\/index.php?rest_route=%2Fwp%2Fv2%2Fcomments&post=2248"}],"version-history":[{"count":0,"href":"https:\/\/www.olinews.it\/mt\/index.php?rest_route=\/wp\/v2\/posts\/2248\/revisions"}],"wp:attachment":[{"href":"https:\/\/www.olinews.it\/mt\/index.php?rest_route=%2Fwp%2Fv2%2Fmedia&parent=2248"}],"wp:term":[{"taxonomy":"category","embeddable":true,"href":"https:\/\/www.olinews.it\/mt\/index.php?rest_route=%2Fwp%2Fv2%2Fcategories&post=2248"},{"taxonomy":"post_tag","embeddable":true,"href":"https:\/\/www.olinews.it\/mt\/index.php?rest_route=%2Fwp%2Fv2%2Ftags&post=2248"}],"curies":[{"name":"wp","href":"https:\/\/api.w.org\/{rel}","templated":true}]}}