{"id":2261,"date":"2010-05-26T06:07:58","date_gmt":"2010-05-26T06:07:58","guid":{"rendered":"http:\/\/www.comevedonoidaltonici.com\/wordpress\/?p=2261"},"modified":"2010-05-26T06:07:58","modified_gmt":"2010-05-26T06:07:58","slug":"lettere-tunnel-storici-e-gallerie-naturali","status":"publish","type":"post","link":"https:\/\/www.olinews.it\/mt\/?p=2261","title":{"rendered":"Lettere &#8211; Tunnel storici e gallerie naturali"},"content":{"rendered":"<p>Con riferimento all&#8217;articolo comparso sul numero 261 intitolato Tunnel storici e gallerie naturali, la situazione delle alberature immortalate nelle foto \u00e8 da tempo oggetto di attenzioni da parte del Gruppo PD del Consiglio di Municipio di cui faccio parte.<br \/>\nSpianata Castelletto \u00e8 un complesso vincolato per il suo pregio paesaggistico e, di conseguenza, le sue alberature.<\/p>\n<p><!--more--><br \/>\nLa stabilit\u00e0 delle stesse \u00e8 garantita dagli esperti(cos\u00ec ci \u00e8 stato risposto in Consiglio di Municipio), secondo i quali un&#8217;eventuale potatura ne determinerebbe il rischio di stabilit\u00e0, trovando questo tipo di alberi un equilibrio statico tra rami e radici.<br \/>\nTuttavia questo \u00e8 solo un aspetto di un progetto pi\u00f9 ambizioso da noi elaborato e approvato con una mozione del Consiglio Comunale a luglio 2009: al fine di mettere al primo posto l&#8217;utente &#8220;debole&#8221; della strada, ossia pedone e ciclista, e per continuare nel processo di valorizzazione di una zona di grande passaggio e attrazione turistica, abbiamo chiesto la pedonalizzazione della via di cui sopra fino all&#8217;innesto di Spianata Castelletto.<br \/>\nConseguentemente a tale intervento sar\u00e0 possibile anche mettere in evidenza la particolarit\u00e0 delle alberature, senza per questo doverci prendere delle testate.<br \/>\n<em>(Simone Torretta &#8211; Consigliere di Municipio I Centro Est Partito Democratico) <\/em><\/p>\n","protected":false},"excerpt":{"rendered":"<p>Con riferimento all&#8217;articolo comparso sul numero 261 intitolato Tunnel storici e gallerie naturali, la situazione delle alberature immortalate nelle foto \u00e8 da tempo oggetto di attenzioni da parte del Gruppo PD del Consiglio di Municipio di cui faccio parte. Spianata Castelletto \u00e8 un complesso vincolato per il suo pregio paesaggistico e, di conseguenza, le sue [&hellip;]<\/p>\n","protected":false},"author":1,"featured_media":0,"comment_status":"open","ping_status":"closed","sticky":false,"template":"","format":"standard","meta":{"footnotes":""},"categories":[276,160],"tags":[],"class_list":["post-2261","post","type-post","status-publish","format-standard","hentry","category-276","category-lettere"],"_links":{"self":[{"href":"https:\/\/www.olinews.it\/mt\/index.php?rest_route=\/wp\/v2\/posts\/2261","targetHints":{"allow":["GET"]}}],"collection":[{"href":"https:\/\/www.olinews.it\/mt\/index.php?rest_route=\/wp\/v2\/posts"}],"about":[{"href":"https:\/\/www.olinews.it\/mt\/index.php?rest_route=\/wp\/v2\/types\/post"}],"author":[{"embeddable":true,"href":"https:\/\/www.olinews.it\/mt\/index.php?rest_route=\/wp\/v2\/users\/1"}],"replies":[{"embeddable":true,"href":"https:\/\/www.olinews.it\/mt\/index.php?rest_route=%2Fwp%2Fv2%2Fcomments&post=2261"}],"version-history":[{"count":0,"href":"https:\/\/www.olinews.it\/mt\/index.php?rest_route=\/wp\/v2\/posts\/2261\/revisions"}],"wp:attachment":[{"href":"https:\/\/www.olinews.it\/mt\/index.php?rest_route=%2Fwp%2Fv2%2Fmedia&parent=2261"}],"wp:term":[{"taxonomy":"category","embeddable":true,"href":"https:\/\/www.olinews.it\/mt\/index.php?rest_route=%2Fwp%2Fv2%2Fcategories&post=2261"},{"taxonomy":"post_tag","embeddable":true,"href":"https:\/\/www.olinews.it\/mt\/index.php?rest_route=%2Fwp%2Fv2%2Ftags&post=2261"}],"curies":[{"name":"wp","href":"https:\/\/api.w.org\/{rel}","templated":true}]}}