{"id":2268,"date":"2010-05-26T06:30:44","date_gmt":"2010-05-26T06:30:44","guid":{"rendered":"http:\/\/www.comevedonoidaltonici.com\/wordpress\/?p=2268"},"modified":"2010-05-26T06:30:44","modified_gmt":"2010-05-26T06:30:44","slug":"politica-la-diffusione-militante-della-fondazione-carige","status":"publish","type":"post","link":"https:\/\/www.olinews.it\/mt\/?p=2268","title":{"rendered":"Politica &#8211; La diffusione militante della Fondazione Carige"},"content":{"rendered":"<p><IMG height=\"114\" alt=\"\" hspace=10 src=\"http:\/\/www.olinews.it\/mt\/images\/Oli262carige.jpg\" width=\"450\" align=left>&#8220;\u201cNuove militanze: 22 maggio, la fondazione Carige diffonde I<em>l Giornale <\/em>(<em>Foto Paola Repetto e Ivo Ruello<\/em>)<\/p>\n<p>Genova in festa. Giovani, stelle e sport\u201d: dal 20 al 23 maggio il centro di Genova (Porto Antico, Piazza Matteotti, De Ferrari, San Lorenzo) \u00e8 stato davvero in festa, con centinaia e centinaia di bambine, bambini, ragazze e ragazzi che si esibivano in decine di attivit\u00e0 sportive e di danza. Scoperta di una vita giovane che scorre quasi insospettata nella citt\u00e0, e si impegna in una miriade di attivit\u00e0 mostrando di aver raggiunto un livello di qualit\u00e0 che rivela impegno, passione, lunghe ore di esercizio.<\/p>\n<p><!--more--><br \/>\nTre le attivit\u00e0 portanti della manifestazione: il \u201cProgetto giovani\u201d della Fondazione Carige, \u201cStelle nello sport\u201d del Coni Liguria e \u201cFesta dello sport\u201d della Porto Antico.<br \/>\nQuindi quattro bellissime e allegre giornate di cui la citt\u00e0 deve ringraziare i tre soggetti di cui sopra, e una moltitudine di partner (Comune, Provincia, Regione, Esercito Italiano, Miur, Carabinieri, Polizia \u2026) e di sponsor, tanti da decorare fittamente con i loro logo metri e metri quadrati di striscioni.<br \/>\nA giudicare dal netto predominio, ovunque, del colore blu e del logo Carige, sembra comunque chiaro che la Fondazione Carige deve aver dato a questa manifestazione molto, ma proprio molto, pi\u00f9 degli altri. Quindi un grazie particolare alla Fondazione Carige.<br \/>\nOra, nella mattina di sabato e domenica diverse giovani e graziose ragazze che indossavano una maglietta col logo del \u201cProgetto Giovani\u201d della Fondazione si aggiravano a coppie tra Piazza De Ferrari e Matteotti distribuendo gratuitamente l\u2019accoppiata informativa de <em>Il Giornale<\/em> pi\u00f9 <em>Il Mercantile<\/em>.<br \/>\nDomande: la gratitudine per le belle giornate di sport, danza e giovinezza deve includere anche l\u2019accettazione della distribuzione militante ai cittadini di un foglio spudoratamente governativo? Che relazioni ci sono tra la Fondazione Carige e l\u2019organo di stampa <em>Il Giornale<\/em>, e in che sedi sono state eventualmente concordate? Quali ne sono le implicazioni, i termini di scambio? Questa azione di stampa e propaganda \u00e8 stata anticipatamente resa nota e concordata con gli altri attori e sostenitori della manifestazione? Ricordiamo, a questo proposito, che il <a href=\"http:\/\/www.olinews.it\/mt\/images\/oli262_comitato.pdf\">Comitato scientifico<\/a> di <em>Progetto Giovani<\/em> include tutte le principali istituzioni cittadine.<br \/>\n<em>(Paola Pierantoni)<\/em><\/p>\n","protected":false},"excerpt":{"rendered":"<p>&#8220;\u201cNuove militanze: 22 maggio, la fondazione Carige diffonde Il Giornale (Foto Paola Repetto e Ivo Ruello) Genova in festa. Giovani, stelle e sport\u201d: dal 20 al 23 maggio il centro di Genova (Porto Antico, Piazza Matteotti, De Ferrari, San Lorenzo) \u00e8 stato davvero in festa, con centinaia e centinaia di bambine, bambini, ragazze e ragazzi [&hellip;]<\/p>\n","protected":false},"author":1,"featured_media":0,"comment_status":"open","ping_status":"closed","sticky":false,"template":"","format":"standard","meta":{"footnotes":""},"categories":[276,20,10],"tags":[],"class_list":["post-2268","post","type-post","status-publish","format-standard","hentry","category-276","category-citta","category-politica"],"_links":{"self":[{"href":"https:\/\/www.olinews.it\/mt\/index.php?rest_route=\/wp\/v2\/posts\/2268","targetHints":{"allow":["GET"]}}],"collection":[{"href":"https:\/\/www.olinews.it\/mt\/index.php?rest_route=\/wp\/v2\/posts"}],"about":[{"href":"https:\/\/www.olinews.it\/mt\/index.php?rest_route=\/wp\/v2\/types\/post"}],"author":[{"embeddable":true,"href":"https:\/\/www.olinews.it\/mt\/index.php?rest_route=\/wp\/v2\/users\/1"}],"replies":[{"embeddable":true,"href":"https:\/\/www.olinews.it\/mt\/index.php?rest_route=%2Fwp%2Fv2%2Fcomments&post=2268"}],"version-history":[{"count":0,"href":"https:\/\/www.olinews.it\/mt\/index.php?rest_route=\/wp\/v2\/posts\/2268\/revisions"}],"wp:attachment":[{"href":"https:\/\/www.olinews.it\/mt\/index.php?rest_route=%2Fwp%2Fv2%2Fmedia&parent=2268"}],"wp:term":[{"taxonomy":"category","embeddable":true,"href":"https:\/\/www.olinews.it\/mt\/index.php?rest_route=%2Fwp%2Fv2%2Fcategories&post=2268"},{"taxonomy":"post_tag","embeddable":true,"href":"https:\/\/www.olinews.it\/mt\/index.php?rest_route=%2Fwp%2Fv2%2Ftags&post=2268"}],"curies":[{"name":"wp","href":"https:\/\/api.w.org\/{rel}","templated":true}]}}