{"id":2277,"date":"2010-06-01T07:10:29","date_gmt":"2010-06-01T07:10:29","guid":{"rendered":"http:\/\/www.comevedonoidaltonici.com\/wordpress\/?p=2277"},"modified":"2010-06-01T07:10:29","modified_gmt":"2010-06-01T07:10:29","slug":"cultura-un-altro-maestro-e-andato-via","status":"publish","type":"post","link":"https:\/\/www.olinews.it\/mt\/?p=2277","title":{"rendered":"Cultura &#8211; Un altro maestro \u00e8 andato via"},"content":{"rendered":"<p><IMG height=\"225\" alt=\"\" hspace=10 src=\"http:\/\/www.olinews.it\/mt\/images\/Oli263_sanguineti.jpg\" width=\"300\" align=left>&#8220;Ad un anno di distanza se ne sono andati uno di seguito all&#8217;altro due grandi maestri che hanno insegnato a Genova. Maggio ha portato via nel 2009 Claudio Costantini, dopo un anno ha chiesto nuovamente pegno con Edoardo Sanguineti. Una strana coincidenza che si affianca a quella dell&#8217;avvicendarsi dei loro ritiri dall&#8217;Universit\u00e0, Sanguineti nel 2000, Costantini nel 2001. Si sono lasciati alle spalle un mondo che stava cambiando e il declino dell&#8217;universit\u00e0 italiana.<br \/>\nI fondi sono sempre pi\u00f9 scarsi, i criteri metrici con i quali vengono assegnati ciechi delle contestuali particolarit\u00e0 ed eccellenze, pur volendo rispondere alla &#8220;meritocrazia&#8221;.<\/p>\n<p><!--more--><br \/>\nSu questa progressiva depauperizzazione, o forse oculata scelta di non investire nella cultura e nella ricerca come nostro futuro, si innesta anche l&#8217;italianit\u00e0, magagna dalla quale l&#8217;universit\u00e0 stessa non \u00e8 esente. \u00c8 per\u00f2 un&#8217;italianit\u00e0 strumentale, diffusa in maniera infestante nella sfera degli statali, contro la quale si sta combattendo la crociata del terzo millennio (*). In realt\u00e0 l&#8217;ultimo capitolo di un tentativo di disgregazione sociale imbastito, volontariamente o no, un po&#8217; da tutti i fronti di rappresentanza. Basti pensare alla contraddittoria accoglienza del movimento dei precari e ricercatori a contratto in ambito universitario.<br \/>\nCostantini e Sanguineti non appartenevano ad una casta. Praticavano la loro professione quotidianamente con criterio di trasmissibilit\u00e0, non gelosi dei loro segreti. Quanti tra i docenti di letteratura italiana abbandonavano l&#8217;antologia per un programma che vedeva Dante accanto a Tiziano Scarpa e Alberto Arbasino, e facevan metter mano ad un libro, lavorarne un capitolo e metter le note da bravo curatore? Quanti tra i tanti maestri di storia scendevano dalla cattedra, partivano dal significato delle parole, la contaminazione tra le discipline, facendo maturare le domande e gli strumenti per la ricerca, dirottando la veemenza post adolescenziale?<br \/>\nChiss\u00e0 se la direzione aziendalista e il timido <em>fund raising<\/em> con cui le universit\u00e0 tentano di tappare la falla piacerebbero loro. La pezza tiene per un po&#8217;, ma il buco tende ad allargarsi, le differenze ad acuirsi. Il rischio \u00e8 la deriva di tanti isolotti.<br \/>\n(*)<a href=\"http:\/\/www.repubblica.it\/rubriche\/bussole\/2010\/05\/31\/news\/una_societ_senza_baroni_e_possibilmente_senza_universit_-4468962\/ \">http:\/\/www.repubblica.it\/rubriche\/bussole\/2010\/05\/31\/news\/una_societ_senza_baroni_e_possibilmente_senza_universit_-4468962\/ <\/a><br \/>\n<em>(Ariel)<\/em><\/p>\n","protected":false},"excerpt":{"rendered":"<p>&#8220;Ad un anno di distanza se ne sono andati uno di seguito all&#8217;altro due grandi maestri che hanno insegnato a Genova. Maggio ha portato via nel 2009 Claudio Costantini, dopo un anno ha chiesto nuovamente pegno con Edoardo Sanguineti. Una strana coincidenza che si affianca a quella dell&#8217;avvicendarsi dei loro ritiri dall&#8217;Universit\u00e0, Sanguineti nel 2000, [&hellip;]<\/p>\n","protected":false},"author":1,"featured_media":0,"comment_status":"open","ping_status":"closed","sticky":false,"template":"","format":"standard","meta":{"footnotes":""},"categories":[277,20,16],"tags":[],"class_list":["post-2277","post","type-post","status-publish","format-standard","hentry","category-277","category-citta","category-cultura"],"_links":{"self":[{"href":"https:\/\/www.olinews.it\/mt\/index.php?rest_route=\/wp\/v2\/posts\/2277","targetHints":{"allow":["GET"]}}],"collection":[{"href":"https:\/\/www.olinews.it\/mt\/index.php?rest_route=\/wp\/v2\/posts"}],"about":[{"href":"https:\/\/www.olinews.it\/mt\/index.php?rest_route=\/wp\/v2\/types\/post"}],"author":[{"embeddable":true,"href":"https:\/\/www.olinews.it\/mt\/index.php?rest_route=\/wp\/v2\/users\/1"}],"replies":[{"embeddable":true,"href":"https:\/\/www.olinews.it\/mt\/index.php?rest_route=%2Fwp%2Fv2%2Fcomments&post=2277"}],"version-history":[{"count":0,"href":"https:\/\/www.olinews.it\/mt\/index.php?rest_route=\/wp\/v2\/posts\/2277\/revisions"}],"wp:attachment":[{"href":"https:\/\/www.olinews.it\/mt\/index.php?rest_route=%2Fwp%2Fv2%2Fmedia&parent=2277"}],"wp:term":[{"taxonomy":"category","embeddable":true,"href":"https:\/\/www.olinews.it\/mt\/index.php?rest_route=%2Fwp%2Fv2%2Fcategories&post=2277"},{"taxonomy":"post_tag","embeddable":true,"href":"https:\/\/www.olinews.it\/mt\/index.php?rest_route=%2Fwp%2Fv2%2Ftags&post=2277"}],"curies":[{"name":"wp","href":"https:\/\/api.w.org\/{rel}","templated":true}]}}