{"id":2287,"date":"2010-06-09T10:47:00","date_gmt":"2010-06-09T10:47:00","guid":{"rendered":"http:\/\/www.comevedonoidaltonici.com\/wordpress\/?p=2287"},"modified":"2010-06-09T10:47:00","modified_gmt":"2010-06-09T10:47:00","slug":"repubblica-italiana-quando-lonore-va-a-chi-lo-merita","status":"publish","type":"post","link":"https:\/\/www.olinews.it\/mt\/?p=2287","title":{"rendered":"Repubblica Italiana &#8211; Quando l&#8217;onore va a chi lo merita"},"content":{"rendered":"<p><IMG height=\"186\" alt=\"\" hspace=10 src=\"http:\/\/www.olinews.it\/mt\/images\/oli263_paola.jpg\" width=\"400\" align=left><em>Giacomo Piombo con la sua famiglia il 2 giugno 2010, e con Lucia De Leo al VI\u00b0 congresso della Cgil Liguria, 1991.<\/em><br \/>\n<br \/>\nNel pomeriggio del 2 giugno, a Masone, si \u00e8 svolta la parte popolare della festa per la Repubblica organizzata dalla Provincia di Genova, bancarelle, bandiere, piccoli spettacoli per bambini, ma soprattutto Giovanna Marini e la Banda della Scuola Popolare di Musica di Testaccio che alla sera infiammano un teatro strapieno col loro splendido repertorio di canti popolari e politici.<\/p>\n<p><!--more--><br \/>\nPopolare anche l\u2019Inno di Mameli, con tutti in piedi a cantarlo: l\u2019intenzionalit\u00e0 politica \u00e8 chiara.<br \/>\nAlla mattina in Prefettura si era svolta invece la parte istituzionale della festa, con la consegna di diplomi dell\u2019Ordine al merito della Repubblica, e medaglie d\u2019onore. Per la prima volta una lontana \u201conorificenza\u201d, quella di Cavaliere della Repubblica, acquista per me la concretezza di una storia e di un volto, quelli di Giacomo Piombo, e questo contatto ravvicinato mi porta a pensare che se per guadagnare questo titolo occorre fare una vita come la sua, allora si tratta di un titolo da scrigno prezioso.<br \/>\nPenso anche che se una Repubblica, attraverso le sue vie, si accorge e premia una storia e una attivit\u00e0 come queste, allora \u00e8 una Repubblica ancora sufficientemente buona, da festeggiare con inni e bandiere, per incoraggiarla, perch\u00e9 resista, perch\u00e9 non perda se stessa.<br \/>\nEx operaio Italsider, operatore della Cgil, segretario della Consulta Regionale per la tutela dei diritti degli handicappati, \u00e8 comparso molte volte sui giornali per la sua azione incessante, capillare, intelligente, determinata e complessa, rivolta a tutte le dimensioni del problema: innazitutto a quella culturale, pre condizione senza cui discriminazione, esclusione, vergogna, paura non possono essere superati, e poi l\u2019accesso degli handicappati alla assistenza, al lavoro, alla mobilit\u00e0, alla casa, alla istruzione, al divertimento, allo sport, alla autonomia economica e di vita, fin dove possibile. Tutti aspetti fondamentali della vita, nessuno rinunciabile.<br \/>\nTratti della sua biografia sono comparsi sulla stampa o su internet quando Genova gli ha riconosciuto il \u201cGrifo d\u2019oro\u201d il 14 ottobre 2008, e ora in occasione del titolo di Cavaliere.<br \/>\nNe riportiamo due (1* e 2**), ma altri di sicuro ce ne saranno.<br \/>\n(1*) <a href=\"http:\/\/www.spaziliberi.it\/?Piombo-un-Grifo-d-Oro-all-amore-e\">http:\/\/www.spaziliberi.it\/?Piombo-un-Grifo-d-Oro-all-amore-e<\/a><br \/>\n(2**) <a href=\"http:\/\/www.terredimare.it\/notiziario_view.php?ID=1895&#038;lang=it\">http:\/\/www.terredimare.it\/notiziario_view.php?ID=1895&#038;lang=it<\/a><br \/>\n<em>(Paola Pierantoni)<\/em><\/p>\n","protected":false},"excerpt":{"rendered":"<p>Giacomo Piombo con la sua famiglia il 2 giugno 2010, e con Lucia De Leo al VI\u00b0 congresso della Cgil Liguria, 1991. Nel pomeriggio del 2 giugno, a Masone, si \u00e8 svolta la parte popolare della festa per la Repubblica organizzata dalla Provincia di Genova, bancarelle, bandiere, piccoli spettacoli per bambini, ma soprattutto Giovanna Marini [&hellip;]<\/p>\n","protected":false},"author":1,"featured_media":0,"comment_status":"open","ping_status":"closed","sticky":false,"template":"","format":"standard","meta":{"footnotes":""},"categories":[278,20,13],"tags":[],"class_list":["post-2287","post","type-post","status-publish","format-standard","hentry","category-278","category-citta","category-informazione"],"_links":{"self":[{"href":"https:\/\/www.olinews.it\/mt\/index.php?rest_route=\/wp\/v2\/posts\/2287","targetHints":{"allow":["GET"]}}],"collection":[{"href":"https:\/\/www.olinews.it\/mt\/index.php?rest_route=\/wp\/v2\/posts"}],"about":[{"href":"https:\/\/www.olinews.it\/mt\/index.php?rest_route=\/wp\/v2\/types\/post"}],"author":[{"embeddable":true,"href":"https:\/\/www.olinews.it\/mt\/index.php?rest_route=\/wp\/v2\/users\/1"}],"replies":[{"embeddable":true,"href":"https:\/\/www.olinews.it\/mt\/index.php?rest_route=%2Fwp%2Fv2%2Fcomments&post=2287"}],"version-history":[{"count":0,"href":"https:\/\/www.olinews.it\/mt\/index.php?rest_route=\/wp\/v2\/posts\/2287\/revisions"}],"wp:attachment":[{"href":"https:\/\/www.olinews.it\/mt\/index.php?rest_route=%2Fwp%2Fv2%2Fmedia&parent=2287"}],"wp:term":[{"taxonomy":"category","embeddable":true,"href":"https:\/\/www.olinews.it\/mt\/index.php?rest_route=%2Fwp%2Fv2%2Fcategories&post=2287"},{"taxonomy":"post_tag","embeddable":true,"href":"https:\/\/www.olinews.it\/mt\/index.php?rest_route=%2Fwp%2Fv2%2Ftags&post=2287"}],"curies":[{"name":"wp","href":"https:\/\/api.w.org\/{rel}","templated":true}]}}