{"id":2289,"date":"2010-06-09T10:58:46","date_gmt":"2010-06-09T10:58:46","guid":{"rendered":"http:\/\/www.comevedonoidaltonici.com\/wordpress\/?p=2289"},"modified":"2010-06-09T10:58:46","modified_gmt":"2010-06-09T10:58:46","slug":"societa-razzismo-insinuante","status":"publish","type":"post","link":"https:\/\/www.olinews.it\/mt\/?p=2289","title":{"rendered":"Societ\u00e0 &#8211; Razzismo insinuante"},"content":{"rendered":"<p>Il nuovo razzismo, quello pi\u00f9 pericoloso, non dichiara apertamente la propria natura. Non dice di essere contro i migranti, i neri, i rom, i musulmani, gli ebrei in quanto tali. Hitler ed il regime dell\u2019apartheid in Sud Africa, grazie a dio, sono stati sconfitti. Il nuovo razzismo ha imparato a nascondersi, preferisce esordire con la frase \u201cnon sono razzista, ma \u2026\u201d, dopo di che possono seguire una marea di parole di ogni brutalit\u00e0. Non sono razzista \u201cma i migranti rubano il lavoro, sono ladri, vendono droga, stuprano le donne\u201d \u2026 ecc. In certi casi le frasi con il \u201cma\u201d fanno anche morire dal ridere (per non piangere) come quella raccolta da un giornalista de <em>l\u2019Unit\u00e0<\/em> nei primi anni novanta: \u201cIo non sono razzista, sono loro che sono arabi\u201d.<\/p>\n<p><!--more--><br \/>\nAlcuni razzisti dopo aver articolato e dettagliato cose evidentemente false contro \u201cgli altri\u201d si permettono di spingersi a dire: \u201cSe questo \u00e8 razzismo allora sono razzista\u201d. Per certe figure (ministri, preti, ecc.), non completamente stupide, la regola \u00e8 nascondere totalmente il proprio razzismo. Ma anche loro alle volte scivolano e dicono cose che fanno ridere.<br \/>\nDon Valentino Porcile, parroco di una delle chiese di Cornigliano, ha scritto una lettera per allontanare i Rom dalla propria parrocchia. Dice al <em>Secolo XIX<\/em> del 3 giugno che non c\u2019entra il razzismo contro i Rom: \u201c Qui la razza non c\u2019entra nulla, \u00e8 in ballo solo la sicurezza e la tranquillit\u00e0 di persone deboli e anziane \u2026 Tempo fa, quando il pericolo e le intimidazioni furono portati da un gruppo di sudamericani, non esitai a prendere una posizione simile nei loro confronti\u201d.<br \/>\nTempo fa, inoltre, don Valentino Porcile era sempre in testa alle manifestazioni contro la moschea a Cornigliano, non certo perch\u00e9 \u00e8 contro il diritto di culto dei musulmani, assolutamente no, ma per questioni di traffico, parcheggi e cose del genere.<br \/>\nMi chiedo cosa direbbe Ges\u00f9 ad un parroco che allontana i deboli dalla propria parrocchia. I musulmani credono che Ges\u00f9 non sia morto, ma sia vivo in cielo e per la maggior parte di loro un giorno ritorner\u00e0 e torner\u00e0 sulla terra per guidare la vittoria finale del bene contro il male. Visto che il suo ritorno non sembra imminente, non c\u2019\u00e8 nessun altro, a parte Don Gallo, sulla terra di Genova che possa spiegargli che per un sacerdote la \u201cmia gente\u201d sono tutti?<br \/>\n<em>(Saleh Zaghloul)<\/em><\/p>\n","protected":false},"excerpt":{"rendered":"<p>Il nuovo razzismo, quello pi\u00f9 pericoloso, non dichiara apertamente la propria natura. Non dice di essere contro i migranti, i neri, i rom, i musulmani, gli ebrei in quanto tali. Hitler ed il regime dell\u2019apartheid in Sud Africa, grazie a dio, sono stati sconfitti. Il nuovo razzismo ha imparato a nascondersi, preferisce esordire con la [&hellip;]<\/p>\n","protected":false},"author":1,"featured_media":0,"comment_status":"open","ping_status":"closed","sticky":false,"template":"","format":"standard","meta":{"footnotes":""},"categories":[278,20,7],"tags":[],"class_list":["post-2289","post","type-post","status-publish","format-standard","hentry","category-278","category-citta","category-immigrazione"],"_links":{"self":[{"href":"https:\/\/www.olinews.it\/mt\/index.php?rest_route=\/wp\/v2\/posts\/2289","targetHints":{"allow":["GET"]}}],"collection":[{"href":"https:\/\/www.olinews.it\/mt\/index.php?rest_route=\/wp\/v2\/posts"}],"about":[{"href":"https:\/\/www.olinews.it\/mt\/index.php?rest_route=\/wp\/v2\/types\/post"}],"author":[{"embeddable":true,"href":"https:\/\/www.olinews.it\/mt\/index.php?rest_route=\/wp\/v2\/users\/1"}],"replies":[{"embeddable":true,"href":"https:\/\/www.olinews.it\/mt\/index.php?rest_route=%2Fwp%2Fv2%2Fcomments&post=2289"}],"version-history":[{"count":0,"href":"https:\/\/www.olinews.it\/mt\/index.php?rest_route=\/wp\/v2\/posts\/2289\/revisions"}],"wp:attachment":[{"href":"https:\/\/www.olinews.it\/mt\/index.php?rest_route=%2Fwp%2Fv2%2Fmedia&parent=2289"}],"wp:term":[{"taxonomy":"category","embeddable":true,"href":"https:\/\/www.olinews.it\/mt\/index.php?rest_route=%2Fwp%2Fv2%2Fcategories&post=2289"},{"taxonomy":"post_tag","embeddable":true,"href":"https:\/\/www.olinews.it\/mt\/index.php?rest_route=%2Fwp%2Fv2%2Ftags&post=2289"}],"curies":[{"name":"wp","href":"https:\/\/api.w.org\/{rel}","templated":true}]}}