{"id":2291,"date":"2010-06-15T11:08:25","date_gmt":"2010-06-15T11:08:25","guid":{"rendered":"http:\/\/www.comevedonoidaltonici.com\/wordpress\/?p=2291"},"modified":"2010-06-15T11:08:25","modified_gmt":"2010-06-15T11:08:25","slug":"lettere-prove-tecniche-di-legge-bavaglio","status":"publish","type":"post","link":"https:\/\/www.olinews.it\/mt\/?p=2291","title":{"rendered":"Lettere &#8211; Prove tecniche di &#8220;legge bavaglio&#8221;"},"content":{"rendered":"<p>\u201cOggi il Presidente del Consiglio ha intrattenuto i suoi ospiti su una novit\u00e0 del mercato alimentare italiano: dopo un\u2019intera estate di assenza dai banchi dei supermercati come negli espositori dei bar, finalmente oggi la Ramero ha rimesso in circolazione i tanto conosciuti cioccolatini con la ciliegia e l\u2019immancabile liquore, che fanno tremare le diete delle signorine e allungare il dito indice dei bambini quando lo chiedono alla mamma. Le confezioni, rivela una fonte sicura di Palazzo Chigi, sono le stesse dell\u2019anno scorso. I famosi cioccolatini erano stati ritirati nel periodo estivo in quanto destinati ad un mercato pi\u00f9 freddo, sostituiti da nuovi prodotti pi\u00f9 facilmente vendibili con il caldo e desiderosi di \u2018farsi spazio\u2019 nelle preferenze degli italiani. L\u2019opposizione si \u00e8 subito scaldata asserendo come \u2018non sia vero che le confezioni siano le stesse dell\u2019anno scorso e anche il peso sembra essere diminuito di qualche decimo di grammo\u2019, il che co rrisponde a realt\u00e0 ma solo \u2018in conseguenza di un minore apporto alcoolico concordato con il Ministero della Salute\u2019, asserisce la casa produttrice: \u00e8 stato fatto per chi si mette alla guida.<\/p>\n<p><!--more--><br \/>\n\u201cEmergenza afa: in Parlamento si cambiano i condizionatori, i vecchietti vanno al supermercato.\u201d<br \/>\n\u201cIndagine di Report: ma quanto son tett\u00f2ne le t\u00e8ttoni?\u201d<br \/>\nLo so che pu\u00f2 sembrare un p\u00f2 pazzo inviare una lettera come questa a OLI, per\u00f2 sar\u00e0 meglio che ci abituiamo a questo tenore di notizie perch\u00e9 con la nuova normativa sull\u2019editoria questo \u00e8 quello ci aspetta, pi\u00f9 o meno. Il buon Pasquale Cafiero che trovava \u201c20 notizie 21 ingiustizie\u201d nella celebre canzone di De Andr\u00e9, pu\u00f2 finalmente smettere di fare il caff\u00e8 a don Raffa\u00e8, le notizie non ci saranno pi\u00f9.<br \/>\n<em>(Stefano De Pietro)<\/em><\/p>\n","protected":false},"excerpt":{"rendered":"<p>\u201cOggi il Presidente del Consiglio ha intrattenuto i suoi ospiti su una novit\u00e0 del mercato alimentare italiano: dopo un\u2019intera estate di assenza dai banchi dei supermercati come negli espositori dei bar, finalmente oggi la Ramero ha rimesso in circolazione i tanto conosciuti cioccolatini con la ciliegia e l\u2019immancabile liquore, che fanno tremare le diete delle [&hellip;]<\/p>\n","protected":false},"author":1,"featured_media":0,"comment_status":"open","ping_status":"closed","sticky":false,"template":"","format":"standard","meta":{"footnotes":""},"categories":[279,160],"tags":[],"class_list":["post-2291","post","type-post","status-publish","format-standard","hentry","category-279","category-lettere"],"_links":{"self":[{"href":"https:\/\/www.olinews.it\/mt\/index.php?rest_route=\/wp\/v2\/posts\/2291","targetHints":{"allow":["GET"]}}],"collection":[{"href":"https:\/\/www.olinews.it\/mt\/index.php?rest_route=\/wp\/v2\/posts"}],"about":[{"href":"https:\/\/www.olinews.it\/mt\/index.php?rest_route=\/wp\/v2\/types\/post"}],"author":[{"embeddable":true,"href":"https:\/\/www.olinews.it\/mt\/index.php?rest_route=\/wp\/v2\/users\/1"}],"replies":[{"embeddable":true,"href":"https:\/\/www.olinews.it\/mt\/index.php?rest_route=%2Fwp%2Fv2%2Fcomments&post=2291"}],"version-history":[{"count":0,"href":"https:\/\/www.olinews.it\/mt\/index.php?rest_route=\/wp\/v2\/posts\/2291\/revisions"}],"wp:attachment":[{"href":"https:\/\/www.olinews.it\/mt\/index.php?rest_route=%2Fwp%2Fv2%2Fmedia&parent=2291"}],"wp:term":[{"taxonomy":"category","embeddable":true,"href":"https:\/\/www.olinews.it\/mt\/index.php?rest_route=%2Fwp%2Fv2%2Fcategories&post=2291"},{"taxonomy":"post_tag","embeddable":true,"href":"https:\/\/www.olinews.it\/mt\/index.php?rest_route=%2Fwp%2Fv2%2Ftags&post=2291"}],"curies":[{"name":"wp","href":"https:\/\/api.w.org\/{rel}","templated":true}]}}