{"id":2292,"date":"2010-06-15T11:10:20","date_gmt":"2010-06-15T11:10:20","guid":{"rendered":"http:\/\/www.comevedonoidaltonici.com\/wordpress\/?p=2292"},"modified":"2010-06-15T11:10:20","modified_gmt":"2010-06-15T11:10:20","slug":"lettere-lenta-passeggiata-in-via-borzoli","status":"publish","type":"post","link":"https:\/\/www.olinews.it\/mt\/?p=2292","title":{"rendered":"Lettere &#8211; Lenta passeggiata in Via Borzoli"},"content":{"rendered":"<p><IMG height=\"225\" alt=\"\" hspace=10 src=\"http:\/\/www.olinews.it\/mt\/images\/oli265_borzoli2.jpg\" width=\"300\" align=left>&#8220;<\/p>\n<p>L&#8217;8 giugno di prima mattina un centinaio di persone hanno manifestato con una &#8220;lenta passeggiata&#8221; sulle striscie pedonali fra Via Borzoli e Via Chiaravagna a Sestri Ponente per protestare contro l&#8217;onda massiccia di traffico pesante che assale la sicurezza ambientale delle loro giornate e la salute dei loro polmoni.<br \/>\nPurtroppo in questo ultimo anno la situazione \u00e8 peggiorata e chi si trova a subire questi disagi vede con scetticismo alcune iniziative che si sviluppano in citt\u00e0.<\/p>\n<p><!--more--><br \/>\nCi riferiamo per esempio alle Iniziative di Genova per la &#8220;Giornata Mondiale per l&#8217;ambiente&#8221; del 3-5 giugno, iniziativa di per s\u00e8 lodevolissima ma il dubbio e che l&#8217;Amministrazione non veda la citt\u00e0 nel suo insieme ma come un tappeto sotto i cui angoli poter nascondere la polvere o qualcosa di pi\u00f9 consistente e sgradevole.<br \/>\nL&#8217;angolo in questo caso \u00e8 il Ponente che si trova a soffrire per le servit\u00f9 della citt\u00e0.<br \/>\nGenova \u00e8 una citt\u00e0 che cambia, e come fanno notare alcuni manifesti appesi nelle sue strade, &#8220;\u00e8 proiettata nel futuro&#8221; ma questo non \u00e8 convincente per chi ogni giorno vede peggiorare la vivibilit\u00e0 del quartiere.<br \/>\nUna citt\u00e0 che cambia e guarda avanti deve dare ai cittadini la sensazione che si sta meglio o almeno la sensazione che ci si sta avviando su questa strada.<br \/>\nUn&#8217;altra impressione sgradevole \u00e8 che le proposte e la protesta che abbiamo messo in atto non trovano ascolto e risposte da parte dell&#8217;Amministrazione.<br \/>\n<em>(Luisa Campagna &#8211; Comitato Lenzuola Bianche)<\/em><\/p>\n","protected":false},"excerpt":{"rendered":"<p>&#8220; L&#8217;8 giugno di prima mattina un centinaio di persone hanno manifestato con una &#8220;lenta passeggiata&#8221; sulle striscie pedonali fra Via Borzoli e Via Chiaravagna a Sestri Ponente per protestare contro l&#8217;onda massiccia di traffico pesante che assale la sicurezza ambientale delle loro giornate e la salute dei loro polmoni. Purtroppo in questo ultimo anno [&hellip;]<\/p>\n","protected":false},"author":1,"featured_media":0,"comment_status":"open","ping_status":"closed","sticky":false,"template":"","format":"standard","meta":{"footnotes":""},"categories":[279,160],"tags":[],"class_list":["post-2292","post","type-post","status-publish","format-standard","hentry","category-279","category-lettere"],"_links":{"self":[{"href":"https:\/\/www.olinews.it\/mt\/index.php?rest_route=\/wp\/v2\/posts\/2292","targetHints":{"allow":["GET"]}}],"collection":[{"href":"https:\/\/www.olinews.it\/mt\/index.php?rest_route=\/wp\/v2\/posts"}],"about":[{"href":"https:\/\/www.olinews.it\/mt\/index.php?rest_route=\/wp\/v2\/types\/post"}],"author":[{"embeddable":true,"href":"https:\/\/www.olinews.it\/mt\/index.php?rest_route=\/wp\/v2\/users\/1"}],"replies":[{"embeddable":true,"href":"https:\/\/www.olinews.it\/mt\/index.php?rest_route=%2Fwp%2Fv2%2Fcomments&post=2292"}],"version-history":[{"count":0,"href":"https:\/\/www.olinews.it\/mt\/index.php?rest_route=\/wp\/v2\/posts\/2292\/revisions"}],"wp:attachment":[{"href":"https:\/\/www.olinews.it\/mt\/index.php?rest_route=%2Fwp%2Fv2%2Fmedia&parent=2292"}],"wp:term":[{"taxonomy":"category","embeddable":true,"href":"https:\/\/www.olinews.it\/mt\/index.php?rest_route=%2Fwp%2Fv2%2Fcategories&post=2292"},{"taxonomy":"post_tag","embeddable":true,"href":"https:\/\/www.olinews.it\/mt\/index.php?rest_route=%2Fwp%2Fv2%2Ftags&post=2292"}],"curies":[{"name":"wp","href":"https:\/\/api.w.org\/{rel}","templated":true}]}}