{"id":2345,"date":"2016-04-15T19:05:00","date_gmt":"2016-04-15T18:05:00","guid":{"rendered":""},"modified":"2020-04-28T18:43:41","modified_gmt":"2020-04-28T17:43:41","slug":"oli-428-referendum-trivelle-si-trivelle-no","status":"publish","type":"post","link":"https:\/\/www.olinews.it\/mt\/?p=2345","title":{"rendered":"OLI 428: REFERENDUM &#8211; Trivelle s\u00ec, trivelle no"},"content":{"rendered":"<div dir=\"ltr\" style=\"text-align: left;\">\n<div style=\"clear: both; text-align: center;\"><a href=\"http:\/\/www.olinews.it\/mt\/wp-content\/uploads\/2016\/04\/VOTO-2BSI-2B6-2Brinnovabili-2B-25281-2529.jpg\" style=\"clear: left; float: left; margin-bottom: 1em; margin-right: 1em;\"><img loading=\"lazy\" decoding=\"async\" border=\"0\" height=\"320\" src=\"http:\/\/www.olinews.it\/mt\/wp-content\/uploads\/2016\/04\/VOTO-2BSI-2B6-2Brinnovabili-2B-25281-2529-217x300.jpg\" width=\"231\" \/><\/a><\/div>\n<p>Trivelle s\u00ec, trivelle no&#8230; a ciascuno la sua margherita. <br \/>Incontro la giornalaia dell\u2019edicola sotto casa, che ha voglia di  chiacchierare, parla del tempo, delle aiuole e poi mi fa:<br \/>&nbsp;\u201cMa lei che ne sa, cosa vota sulle trivelle?\u201d<br \/>Resto interdetta e penso \u201cma guarda, va a votare\u201d.<br \/>Se non ci fosse stato il tamtam della ministra e l\u2019amico del petrolio il referendum sulle trivelle finiva tra quelli \u201ctutti al mare\u201d,  invece se ne parla eccome, difficilmente  il quorum sar\u00e0 raggiunto, ma un sussulto di partecipazione \u00e8 sicuro, soprattutto gli anta,  ai giovani poco importa, hanno altri problemi. \u201cRischiamo di perdere una generazione\u201d, dice Draghi, anche di cittadini.<br \/>Gli sfidanti  portano ciascuno  le proprie motivazioni, un pot-pourri di equivoci e mistificazioni sottotraccia. L\u2019accusa pi\u00f9 dolorosa e vile appare quella che votando per il s\u00ec si faranno perdere posti di lavoro: intanto la maggior parte delle concessioni ha durata  almeno trentennale, pur se alcune degli anni \u201870,  pi\u00f9 dieci anni e ancora dieci e noi abbiamo sottoscritto il protocollo Cop21 a Parigi sulle emissioni e sulla dismissione di  energie fossili. Perci\u00f2 la nostra ricerca, le nostre risorse devono puntare su energie alternative e  le rinnovabili in questi anni hanno creato e creeranno nuovo posti di lavoro. <br \/>Illusorio per\u00f2, come sostengono gli ambientalisti, che per  il nostro piano energetico nel prossimo futuro si possa contare soltanto su fonti pulite. Tutta l\u2019Europa, compresa la verde Norvegia ha un piano energetico \u201cmisto\u201d, estrae petrolio dal mare di Bering, cos\u00ec la Germania, che molto investe su energie rinnovabili, utilizza la lignite, assai pi\u00f9 inquinante del carbone.<br \/>Per l\u2019Italia stiamo parlando di una dorsale di petrolio e metano che va da Novara lungo l\u2019Appennino fino alla Sicilia, i numeri, dal<i> National Geographic<\/i> a stampa varia sono un po&#8217; discordanti, 64-66 concessioni per un totale di 130-135  piattaforme,  ma Legambiente precisa, e molti concordano, che  entro le 12 miglia sono coinvolte 35 concessioni, di cui 26 produttive, con 79 piattaforme e 463 pozzi,  cio\u00e8 1% di consumo nazionale di petrolio e il 3% di gas, che sembra comunque non essere inquinante, se si dovessero verificare incidenti. Un potenziale pericolo per l\u2019ambiente, anche se danni non ce ne sono stati per ora ed effetti sul turismo neppure,  lo dimostra l\u2019Emilia Romagna, dove si trovano pi\u00f9 piattaforme, mentre altri timori suscitano le navi che arrivano da tutto il mondo, solcano i nostri mar , portandoci gas e petrolio, spesso natanti senza verifiche e prive di seri controlli come quelle dei nostri cari armatori greci e  italiani.<br \/>D\u2019altra parte il Mediterraneo \u00e8 un mare chiuso, le coste della terraferma sono lontane  a volte poche miglia, non \u00e8 un oceano e di fronte nei Balcani si trivella&#8230; Del petrolio ne sappiamo qualcosa noi liguri: i resti delle perdite della petroliera Haven, al largo di Arenzano a 25 anni dall\u2019incidente sono ancora l\u00ec, vi nuotano pesci e sub imprudenti tra i fondali suggellati per sempre dal materiale della fuoriuscita del greggio.<br \/>La legge di Stabilit\u00e0 prevede che non vi siano nuove concessioni, ma che quelle gi\u00e0 rilasciate entro le 12 miglia, limite acque territoriali,  proseguano a tempo indeterminato, ad esaurimento, cos\u00ec come i permessi di attivit\u00e0 di ricerca, una decina sparsi nel mar Adriatico e in Sicilia con rinnovi da sei pi\u00f9 sei. Il tutto a prescindere, con proroghe che non rispettano la legalit\u00e0, come la Normativa europea prevede, la trasparenza sull\u2019affidamento di beni pubblici. E noi abbiamo moli, spiagge assegnate non in chiaro: votando No si continua a perpetuare privilegi, cui purtroppo abbiamo fatto l\u2019abitudine, ma nulla vieta che i titoli possano essere riassegnati con nuova gara o si debba smantellare. Sotto sotto le societ\u00e0 petrolifere estraggono anche secondo l\u2019andamento dei prezzi, con calma, se non c\u2019\u00e8 scadenza, tanto hanno gi\u00e0 ammortizzato.<br \/>La partita appare in realt\u00e0 tutta politica, con una comunanza trasversale di oppositori a Renzi e alle sue riforme costituzionali, un fronte compatto  da Fratelli d\u2019Italia a Sinistra Italiana e Movimento 5 Stelle,  ma anche uno scontro non meno importante  tra Enti locali e potere centrale: una calamit\u00e0, la modifica al titolo V ha dato alle regioni competenze che non hanno saputo gestire, dai rifiuti, al trasporto pubblico, alla sanit\u00e0 e chi teme una longa manus delle regioni sul Piano Energetico Nazionale ha buone ragioni .Per una volta tanto pare che gli enti locali si preoccupino della loro terra, del loro ambiente&#8230; o no? Intanto l\u2019amore per bellezza del nostro paesaggio muover\u00e0 a torto o a ragione pi\u00f9 di un cuore.<br \/><b>(Bianca Vergati &#8211; <i>immagine di Paolo Gasaldo)<\/i><\/b><\/div>\n","protected":false},"excerpt":{"rendered":"<p>Trivelle s\u00ec, trivelle no&#8230; a ciascuno la sua margherita. Incontro la giornalaia dell\u2019edicola sotto casa, che ha voglia di chiacchierare, parla del tempo, delle aiuole e poi mi fa:&nbsp;\u201cMa lei che ne sa, cosa vota sulle trivelle?\u201dResto interdetta e penso \u201cma guarda, va a votare\u201d.Se non ci fosse stato il tamtam della ministra e l\u2019amico [&hellip;]<\/p>\n","protected":false},"author":1,"featured_media":3983,"comment_status":"closed","ping_status":"closed","sticky":false,"template":"","format":"standard","meta":{"footnotes":""},"categories":[294,323,325,324,327,319,328,326,60,329],"tags":[],"class_list":["post-2345","post","type-post","status-publish","format-standard","has-post-thumbnail","hentry","category-bianca-vergati","category-cop21","category-europa","category-legambiente","category-mare","category-oli-428","category-paolo-gasaldo","category-piattaforme","category-referendum","category-trivelle"],"_links":{"self":[{"href":"https:\/\/www.olinews.it\/mt\/index.php?rest_route=\/wp\/v2\/posts\/2345","targetHints":{"allow":["GET"]}}],"collection":[{"href":"https:\/\/www.olinews.it\/mt\/index.php?rest_route=\/wp\/v2\/posts"}],"about":[{"href":"https:\/\/www.olinews.it\/mt\/index.php?rest_route=\/wp\/v2\/types\/post"}],"author":[{"embeddable":true,"href":"https:\/\/www.olinews.it\/mt\/index.php?rest_route=\/wp\/v2\/users\/1"}],"replies":[{"embeddable":true,"href":"https:\/\/www.olinews.it\/mt\/index.php?rest_route=%2Fwp%2Fv2%2Fcomments&post=2345"}],"version-history":[{"count":2,"href":"https:\/\/www.olinews.it\/mt\/index.php?rest_route=\/wp\/v2\/posts\/2345\/revisions"}],"predecessor-version":[{"id":4152,"href":"https:\/\/www.olinews.it\/mt\/index.php?rest_route=\/wp\/v2\/posts\/2345\/revisions\/4152"}],"wp:featuredmedia":[{"embeddable":true,"href":"https:\/\/www.olinews.it\/mt\/index.php?rest_route=\/wp\/v2\/media\/3983"}],"wp:attachment":[{"href":"https:\/\/www.olinews.it\/mt\/index.php?rest_route=%2Fwp%2Fv2%2Fmedia&parent=2345"}],"wp:term":[{"taxonomy":"category","embeddable":true,"href":"https:\/\/www.olinews.it\/mt\/index.php?rest_route=%2Fwp%2Fv2%2Fcategories&post=2345"},{"taxonomy":"post_tag","embeddable":true,"href":"https:\/\/www.olinews.it\/mt\/index.php?rest_route=%2Fwp%2Fv2%2Ftags&post=2345"}],"curies":[{"name":"wp","href":"https:\/\/api.w.org\/{rel}","templated":true}]}}