{"id":2346,"date":"2016-04-15T19:04:00","date_gmt":"2016-04-15T18:04:00","guid":{"rendered":""},"modified":"2020-04-28T18:43:41","modified_gmt":"2020-04-28T17:43:41","slug":"oli-428-buona-scuola-countdown-per-il-concorso-che-non-vuole-nessuno","status":"publish","type":"post","link":"https:\/\/www.olinews.it\/mt\/?p=2346","title":{"rendered":"OLI 428: (BUONA?) SCUOLA &#8211; Countdown per il concorso che non vuole nessuno"},"content":{"rendered":"<div dir=\"ltr\" style=\"text-align: left;\">\n<div style=\"clear: both; text-align: center;\"><a href=\"http:\/\/www.olinews.it\/mt\/wp-content\/uploads\/2016\/04\/school-926213_960_720.jpg\" style=\"clear: left; float: left; margin-bottom: 1em; margin-right: 1em;\"><img loading=\"lazy\" decoding=\"async\" border=\"0\" height=\"214\" src=\"http:\/\/www.olinews.it\/mt\/wp-content\/uploads\/2016\/04\/school-926213_960_720-300x201.jpg\" width=\"320\" \/><\/a><\/div>\n<div>Perch\u00e9 i meccanismi di assunzione dovrebbero interessare tutti, e non solo la scuola? I dipendenti della scuola sono tanti: il numero preciso \u00e8 difficile da reperire. Una rilevazione del 2012 ne conta un milione 43mila, una del 2013 963mila: le stime oscillano ma approssimando si pu\u00f2 affermare siano circa un milione di persone.<\/div>\n<div>La scuola \u00e8 un argomento che tocca trasversalmente tutta la popolazione, che ci \u00e8 passata in et\u00e0 di formazione e che ci si rapporta quotidianamente seguendo i propri figli: per questo motivo il reclutamento degli insegnanti non dovrebbe rimanere soltanto un argomento per specialisti del settore.<\/div>\n<div>Eppure la riforma ed il dibattito intorno alla legge 107\/2015, meglio nota come \u201cLa buona scuola\u201d passa poco sui mezzi di informazione. Al contrario, sui blog del settore il confronto \u00e8 acceso e specialistico, poco digeribile per chi non \u00e8 pratico della materia.<\/div>\n<div>In poche parole: la notizia recente \u00e8 che sono uscite le date del concorso per l\u2019immissione in ruolo dei docenti: tra il 28 aprile e il 31 maggio le prove scritte impegneranno circa 200mila partecipanti (per un totale di 63mila posti).<\/div>\n<div>Ma il concorso, in realt\u00e0, non lo vuol quasi nessuno: non lo vogliono i docenti abilitati che lavorano da anni e che hanno pagato caramente, in termini economici e di impegno, la propria abilitazione. Non lo vogliono i non abilitati, esclusi dalla possibilit\u00e0 di parteciparvi. Non lo vogliono, pare, neppure i docenti chiamati a lavorare nelle commissioni d\u2019esame con compensi risibili.<\/div>\n<div>Vediamo le ragioni nel dettaglio:<\/div>\n<div>A questo concorso potranno partecipare soltanto coloro che sono stati abilitati. Questo pu\u00f2 essere avvenuto tramite diversi canali: la frequentazione di una scuola di specializzazione per l\u2019insegnamento superiore, che \u00e8 stata attiva tra il 1999 ed il 2009, il percorso del \u201cTirocinio Formativo Attivo\u201d, noto anche con l\u2019acronimo TFA, che ha sostituito la scuola di specializzazione, oppure il conseguimento di una laurea abilitante in scienze della formazione primaria.<\/div>\n<div>Quindi il concorso \u00e8 stato indetto per valutare docenti che hanno superato un concorso per accedere all\u2019abilitazione, sono stati formati dallo Stato in ambiti identitici ed hanno sostenuto un esame di abilitazione sulle stesse materie del prossimo concorso.<\/div>\n<div>Inoltre, ai docenti abilitati che hanno pi\u00f9 di 36 mesi di lavoro alle spalle e che non dovessero passare il concorso non potranno pi\u00f9 essere proposti contratti a termine: quindi sar\u00e0 impossibile farli lavorare ancora nelle file del precariato scolastico, mettendo in atto una sorta di licenziamento di massa.<\/div>\n<div>I supplenti della cosiddetta \u201cIII fascia\u201d, precari tra i precari, che non sono ancora abilitati, non potranno accedere al concorso e non hanno ancora notizia certa se saranno attivati a breve percorsi abilitanti per la propria materia di insegnamento.<\/div>\n<div>I docenti, che hanno creato un movimento contro il concorso, &nbsp;hanno poi chiesto la solidariet\u00e0 dei colleghi chiamati per la loro valutazione, denunciando il compenso irrisorio stabilito (circa 250 euro in totale, quindi circa 50 centesimi\/ora) ed invitandoli a ritirare la propria candidatura.<\/div>\n<div>Quindi, a ormai poche settimane dall&#8217;inizio del concorso, la situazione \u00e8 ancora burrascosa, come d&#8217;altronde si prevede che sar\u00e0 l\u2019inizio del prossimo anno scolastico.<\/div>\n<div><\/div>\n<p><span style=\"font-size: 12pt;\">\u00c8 stata lanciata una petizione ondine contro il \u201cConcorso truffa\u201d (reperibile qui <a href=\"https:\/\/www.change.org\/p\/stop-al-concorso-truffa-gli-italiani-devono-sapere-matteorenzi-stegiannini\">https:\/\/www.change.org\/p\/stop-al-concorso-truffa-gli-italiani-devono-sapere-matteorenzi-stegiannini<\/a>). Inoltre dal 7 aprile \u00e8 in corso la raccolta firme per il referendum abrogativo de \u201cLa buona scuola\u201d, che si prolungher\u00e0 fino al 7 luglio.<\/span><br \/><span style=\"font-size: 12pt;\"><b>(<i>Eleana Marullo<\/i>)<\/b><\/span><\/div>\n","protected":false},"excerpt":{"rendered":"<p>Perch\u00e9 i meccanismi di assunzione dovrebbero interessare tutti, e non solo la scuola? I dipendenti della scuola sono tanti: il numero preciso \u00e8 difficile da reperire. Una rilevazione del 2012 ne conta un milione 43mila, una del 2013 963mila: le stime oscillano ma approssimando si pu\u00f2 affermare siano circa un milione di persone. La scuola [&hellip;]<\/p>\n","protected":false},"author":1,"featured_media":3985,"comment_status":"closed","ping_status":"closed","sticky":false,"template":"","format":"standard","meta":{"footnotes":""},"categories":[288,311,330,312],"tags":[],"class_list":["post-2346","post","type-post","status-publish","format-standard","has-post-thumbnail","hentry","category-eleana-marullo","category-la-buona-scuola","category-precariato","category-scuola"],"_links":{"self":[{"href":"https:\/\/www.olinews.it\/mt\/index.php?rest_route=\/wp\/v2\/posts\/2346","targetHints":{"allow":["GET"]}}],"collection":[{"href":"https:\/\/www.olinews.it\/mt\/index.php?rest_route=\/wp\/v2\/posts"}],"about":[{"href":"https:\/\/www.olinews.it\/mt\/index.php?rest_route=\/wp\/v2\/types\/post"}],"author":[{"embeddable":true,"href":"https:\/\/www.olinews.it\/mt\/index.php?rest_route=\/wp\/v2\/users\/1"}],"replies":[{"embeddable":true,"href":"https:\/\/www.olinews.it\/mt\/index.php?rest_route=%2Fwp%2Fv2%2Fcomments&post=2346"}],"version-history":[{"count":2,"href":"https:\/\/www.olinews.it\/mt\/index.php?rest_route=\/wp\/v2\/posts\/2346\/revisions"}],"predecessor-version":[{"id":4153,"href":"https:\/\/www.olinews.it\/mt\/index.php?rest_route=\/wp\/v2\/posts\/2346\/revisions\/4153"}],"wp:featuredmedia":[{"embeddable":true,"href":"https:\/\/www.olinews.it\/mt\/index.php?rest_route=\/wp\/v2\/media\/3985"}],"wp:attachment":[{"href":"https:\/\/www.olinews.it\/mt\/index.php?rest_route=%2Fwp%2Fv2%2Fmedia&parent=2346"}],"wp:term":[{"taxonomy":"category","embeddable":true,"href":"https:\/\/www.olinews.it\/mt\/index.php?rest_route=%2Fwp%2Fv2%2Fcategories&post=2346"},{"taxonomy":"post_tag","embeddable":true,"href":"https:\/\/www.olinews.it\/mt\/index.php?rest_route=%2Fwp%2Fv2%2Ftags&post=2346"}],"curies":[{"name":"wp","href":"https:\/\/api.w.org\/{rel}","templated":true}]}}