{"id":2347,"date":"2016-04-15T19:02:00","date_gmt":"2016-04-15T18:02:00","guid":{"rendered":""},"modified":"2020-04-28T18:43:41","modified_gmt":"2020-04-28T17:43:41","slug":"oli-428-cultura-laratro-la-spada-e-il-restauro-che-fa-propaganda-o-e-solo-eccesso-di-zelo","status":"publish","type":"post","link":"https:\/\/www.olinews.it\/mt\/?p=2347","title":{"rendered":"OLI 428: CULTURA \u2013 L\u2019aratro, la spada e il \u201crestauro\u201d (che fa propaganda o \u00e8 solo eccesso di zelo?)"},"content":{"rendered":"<div dir=\"ltr\" style=\"text-align: left;\">\n<table align=\"center\" cellpadding=\"0\" cellspacing=\"0\" style=\"margin-left: auto; margin-right: auto; text-align: center;\">\n<tbody>\n<tr>\n<td style=\"text-align: center;\"><a href=\"http:\/\/www.olinews.it\/mt\/wp-content\/uploads\/2016\/04\/20160326_141003.jpg\" style=\"margin-left: auto; margin-right: auto;\"><img loading=\"lazy\" decoding=\"async\" border=\"0\" height=\"480\" src=\"http:\/\/www.olinews.it\/mt\/wp-content\/uploads\/2016\/04\/20160326_141003-300x225.jpg\" width=\"640\" \/><\/a><\/td>\n<\/tr>\n<tr>\n<td style=\"text-align: center;\">26 marzo 2016, nel comune di Roccavignale (SV), lungo la strada tra Millesimo e Montezemolo.<\/td>\n<\/tr>\n<\/tbody>\n<\/table>\n<div style=\"text-align: justify;\">\u201c\u00c8 l&#8217;aratro che traccia il solco profondo, ma \u00e8 la spada che lo difende. E il vomere e la lama sono entrambi di acciaio temprato come la fede dei nostri cuori\u201d. Cos\u00ec disse Benito Mussolini, nel discorso pronunciato per l\u2019inaugurazione della Provincia di Littoria (oggi Latina), il 18 dicembre 1932.<\/div>\n<div style=\"clear: both; text-align: center;\"><iframe loading=\"lazy\" allowfullscreen=\"\" data-thumbnail-src=\"https:\/\/i.ytimg.com\/vi\/6PC8u-r1Umw\/0.jpg\" frameborder=\"0\" height=\"266\" src=\"https:\/\/www.youtube.com\/embed\/6PC8u-r1Umw?feature=player_embedded\" width=\"320\"><\/iframe><\/div>\n<div style=\"text-align: justify;\">&nbsp;L\u2019efficiente macchina della propaganda fascista si impadron\u00ec subito di tale frase ad effetto tipica della retorica mussoliniana, che, abbreviata, fu riportata su un\u2019infinit\u00e0 di prospetti di edifici pubblici e privati in tutta Italia \u2013 soprattutto in ambito rurale \u2013 insieme a molti altri aforismi del duce disseminati ovunque, in un\u2019opera di capillare indottrinamento delle masse meno acculturate e pi\u00f9 sensibili alle suggestioni delle lapidarie semplificazioni, avendo scarsa o nulla consuetudine con testi pi\u00f9 complessi e articolati.&nbsp;<\/div>\n<div style=\"text-align: justify;\">Ad esempio, una delle tante campeggiava nel 1937 nella bonifica di Palidoro, nell\u2019Agro Romano:&nbsp;<\/div>\n<div style=\"clear: both; text-align: center;\"><iframe loading=\"lazy\" allowfullscreen=\"\" data-thumbnail-src=\"https:\/\/i.ytimg.com\/vi\/uMHpdYJitD0\/0.jpg\" frameborder=\"0\" height=\"266\" src=\"https:\/\/www.youtube.com\/embed\/uMHpdYJitD0?feature=player_embedded\" width=\"320\"><\/iframe><\/div>\n<div style=\"text-align: justify;\">Numerose altre testimonianze di questa cosiddetta \u201cscrittura esposta d\u2019apparato\u201d, risalenti per lo pi\u00f9 agli anni trenta del secolo scorso \u2013 ormai documenti storici da tutelare, a prescindere dai messaggi che veicolano \u2013  si conservano sbiadite, ma ancora pi\u00f9 o meno ben interpretabili, sull\u2019intero territorio nazionale.  Una riflessione di Antonello Ricci, non recentissima ma sempre condivisibile, sull\u2019esigenza di conoscere e salvaguardare tale patrimonio \u2013 riferita al caso specifico del Viterbese, ma valida dappertutto \u2013 fu pubblicata nel 1984 sulla rivista <a href=\"http:\/\/www.bibliotecaviterbo.it\/biblioteca-e-societa\/1984_1-4\/Ricci.pdf\" target=\"_blank\" rel=\"noopener noreferrer\">\u201cBiblioteca e societ\u00e0\u201d<\/a> e ad essa si rimanda.&nbsp;<\/div>\n<div style=\"text-align: justify;\">I resti consunti di una di quelle scritte erano perfettamente leggibili fino a non molto tempo fa anche su un rettangolo di intonaco applicato un\u2019ottantina d\u2019anni fa su un edificio in pietra nella campagna di Roccavignale, in provincia di Savona, lungo la strada che unisce la Liguria al Piemonte, tra Millesimo e Montezemolo.&nbsp;<\/div>\n<div style=\"text-align: justify;\">Da qualche mese, chi si trova a salire lungo tale carrozzabile non pu\u00f2 non notare come si presenta adesso l\u2019iscrizione. A seconda del proprio orientamento politico, pu\u00f2 gioirne oppure rimanerne allibito. Di certo, non indifferente.&nbsp;<\/div>\n<div style=\"text-align: justify;\">Appare nuovissima, perfettamente ridisegnata in nero col tipico carattere geometrizzante di gusto d\u00e9co \u2013 largamente usato nell\u2019epigrafia monumentale fascista e reso allora con l\u2019ausilio di mascherine \u2013 spiccante sul fondo ridipinto di bianco.&nbsp;<\/div>\n<div style=\"text-align: justify;\">Un\u2019operazione a dir poco sconcertante, che suscita alcune domande che sarebbe bene avessero risposta.&nbsp;<\/div>\n<div style=\"text-align: justify;\">Innanzitutto, si tratta di un episodio isolato o vi sono altri casi analoghi?&nbsp;<\/div>\n<div style=\"text-align: justify;\">Poi, di chi \u00e8 stata l\u2019iniziativa? Di un singolo privato, di un\u2019associazione o di un ente pubblico? Quale? Con quali risorse economiche? Chi ne \u00e8 stato l\u2019esecutore materiale?&nbsp;<\/div>\n<div style=\"text-align: justify;\">E soprattutto, per quale motivo?&nbsp;<\/div>\n<div style=\"text-align: justify;\">Se si \u00e8 inteso semplicemente salvaguardare una memoria storica, lo si \u00e8 fatto nel peggior modo possibile: da oltre mezzo secolo, restaurare non significa pi\u00f9 rifare di sana pianta cancellando ci\u00f2 che appare deteriorato, ma risanare e conservare quanto \u00e8 sopravvissuto nella sua autenticit\u00e0, senza annullare i segni del trascorrere del tempo e limitandosi a quelle integrazioni indispensabili alla leggibilit\u00e0 dell\u2019opera, che devono essere sempre e comunque distinguibili dal testo originale.&nbsp;<\/div>\n<div style=\"text-align: justify;\">Se invece con questo \u201crestauro\u201d si \u00e8 voluto fornire un sia pur modesto contributo alla riabilitazione di un periodo nefasto, ma che molti continuano a rimpiangere, e soprattutto della ideologia e della prassi di cui esso fu espressione, sempre pronte a riaffiorare e riprendere vitalit\u00e0, allora bisogna davvero stare in guardia.&nbsp;<\/div>\n<div style=\"text-align: justify;\">Non \u00e8 affatto rassicurante leggere molti dei commenti su YouTube ai filmati dell\u2019Istituto Luce che abbiamo proposto, tuttora inneggianti all\u2019uomo che condusse l\u2019Italia alla rovina, per giunta senza neppure intravvedere tutto il grottesco di cui era impregnato il suo stile comunicativo, al contrario splendidamente colto e sbeffeggiato negli Stati Uniti gi\u00e0 alla vigilia della Seconda Guerra Mondiale da chi di comicit\u00e0 se ne intendeva.&nbsp; <\/div>\n<div style=\"clear: both; text-align: center;\"><iframe loading=\"lazy\" allowfullscreen=\"\" data-thumbnail-src=\"https:\/\/i.ytimg.com\/vi\/VXQv-6CXf1g\/0.jpg\" frameborder=\"0\" height=\"266\" src=\"https:\/\/www.youtube.com\/embed\/VXQv-6CXf1g?feature=player_embedded\" width=\"320\"><\/iframe><\/div>\n<p><\/p>\n<div style=\"clear: both; text-align: center;\"><iframe loading=\"lazy\" allowfullscreen=\"\" data-thumbnail-src=\"https:\/\/i.ytimg.com\/vi\/HpyduJPp17c\/0.jpg\" frameborder=\"0\" height=\"266\" src=\"https:\/\/www.youtube.com\/embed\/HpyduJPp17c?feature=player_embedded\" width=\"320\"><\/iframe><\/div>\n<p><b><i>(Ferdinando Bonora <\/i>\u2013 fotografia dell\u2019autore<i>)<\/i><\/b><\/div>\n","protected":false},"excerpt":{"rendered":"<p>26 marzo 2016, nel comune di Roccavignale (SV), lungo la strada tra Millesimo e Montezemolo. \u201c\u00c8 l&#8217;aratro che traccia il solco profondo, ma \u00e8 la spada che lo difende. E il vomere e la lama sono entrambi di acciaio temprato come la fede dei nostri cuori\u201d. Cos\u00ec disse Benito Mussolini, nel discorso pronunciato per l\u2019inaugurazione [&hellip;]<\/p>\n","protected":false},"author":1,"featured_media":3987,"comment_status":"closed","ping_status":"closed","sticky":false,"template":"","format":"standard","meta":{"footnotes":""},"categories":[341,332,335,337,16,336,333,338,339,10,331,334,12,340],"tags":[],"class_list":["post-2347","post","type-post","status-publish","format-standard","has-post-thumbnail","hentry","category-antifascismo","category-beni-culturali","category-benito-mussolini","category-charlie-chaplin","category-cultura","category-fascismo","category-ferdinando-bonora","category-nazismo","category-oli428","category-politica","category-restauro","category-roccavignale","category-storia","category-the-great-dictator"],"_links":{"self":[{"href":"https:\/\/www.olinews.it\/mt\/index.php?rest_route=\/wp\/v2\/posts\/2347","targetHints":{"allow":["GET"]}}],"collection":[{"href":"https:\/\/www.olinews.it\/mt\/index.php?rest_route=\/wp\/v2\/posts"}],"about":[{"href":"https:\/\/www.olinews.it\/mt\/index.php?rest_route=\/wp\/v2\/types\/post"}],"author":[{"embeddable":true,"href":"https:\/\/www.olinews.it\/mt\/index.php?rest_route=\/wp\/v2\/users\/1"}],"replies":[{"embeddable":true,"href":"https:\/\/www.olinews.it\/mt\/index.php?rest_route=%2Fwp%2Fv2%2Fcomments&post=2347"}],"version-history":[{"count":2,"href":"https:\/\/www.olinews.it\/mt\/index.php?rest_route=\/wp\/v2\/posts\/2347\/revisions"}],"predecessor-version":[{"id":4154,"href":"https:\/\/www.olinews.it\/mt\/index.php?rest_route=\/wp\/v2\/posts\/2347\/revisions\/4154"}],"wp:featuredmedia":[{"embeddable":true,"href":"https:\/\/www.olinews.it\/mt\/index.php?rest_route=\/wp\/v2\/media\/3987"}],"wp:attachment":[{"href":"https:\/\/www.olinews.it\/mt\/index.php?rest_route=%2Fwp%2Fv2%2Fmedia&parent=2347"}],"wp:term":[{"taxonomy":"category","embeddable":true,"href":"https:\/\/www.olinews.it\/mt\/index.php?rest_route=%2Fwp%2Fv2%2Fcategories&post=2347"},{"taxonomy":"post_tag","embeddable":true,"href":"https:\/\/www.olinews.it\/mt\/index.php?rest_route=%2Fwp%2Fv2%2Ftags&post=2347"}],"curies":[{"name":"wp","href":"https:\/\/api.w.org\/{rel}","templated":true}]}}