{"id":2350,"date":"2015-07-03T15:40:00","date_gmt":"2015-07-03T14:40:00","guid":{"rendered":""},"modified":"2020-04-28T18:43:41","modified_gmt":"2020-04-28T17:43:41","slug":"oli-427-lettera-della-redazione","status":"publish","type":"post","link":"https:\/\/www.olinews.it\/mt\/?p=2350","title":{"rendered":"OLI 427 &#8211; Lettera della Redazione"},"content":{"rendered":"<div dir=\"ltr\" style=\"text-align: left;\">La Redazione di OLI, nell\u2019ultimo anno, ha vissuto un\u2019importante perdita di contributi.<br \/>Sappiamo che le esperienze, per essere positive e vitali, hanno bisogno di persone che le sostengano in maniera costante e appassionata, altrimenti finiscono per arrancare e diventano opache.<br \/>Chi \u00e8 rimasto in redazione ha dovuto fare un grande lavoro per mantenere un\u2019uscita di una, due volte al mese, confortato, \u00e8 vero, da una buona presenza di lettrici e lettori. E questa \u00e8 la ragione che ci spinge a riflettere su quello che sar\u00e0 di noi senza rinunciare al progetto. A nostro favore c\u2019\u00e8 la libert\u00e0, perch\u00e9 OLI \u00e8 redatta da volontari, ma purtroppo bisogna riconoscere che le nostre risorse devono fare i conti con il quotidiano di ognuno di noi.<br \/>Per questo utilizzeremo questa pausa estiva per verificare se ci sar\u00e0 possibile continuare ad uscire, a partire da settembre, in maniera regolare e con la stessa passione di prima.<br \/>Sappiamo che le notizie non mancano e nemmeno la voglia di analizzarle.<br \/><i><b>La Redazione<\/b><\/i><\/div>\n","protected":false},"excerpt":{"rendered":"<p>La Redazione di OLI, nell\u2019ultimo anno, ha vissuto un\u2019importante perdita di contributi.Sappiamo che le esperienze, per essere positive e vitali, hanno bisogno di persone che le sostengano in maniera costante e appassionata, altrimenti finiscono per arrancare e diventano opache.Chi \u00e8 rimasto in redazione ha dovuto fare un grande lavoro per mantenere un\u2019uscita di una, due [&hellip;]<\/p>\n","protected":false},"author":1,"featured_media":0,"comment_status":"closed","ping_status":"closed","sticky":false,"template":"","format":"standard","meta":{"footnotes":""},"categories":[344,342,343],"tags":[],"class_list":["post-2350","post","type-post","status-publish","format-standard","hentry","category-la-redazione-di-oli","category-lettera","category-oli-427"],"_links":{"self":[{"href":"https:\/\/www.olinews.it\/mt\/index.php?rest_route=\/wp\/v2\/posts\/2350","targetHints":{"allow":["GET"]}}],"collection":[{"href":"https:\/\/www.olinews.it\/mt\/index.php?rest_route=\/wp\/v2\/posts"}],"about":[{"href":"https:\/\/www.olinews.it\/mt\/index.php?rest_route=\/wp\/v2\/types\/post"}],"author":[{"embeddable":true,"href":"https:\/\/www.olinews.it\/mt\/index.php?rest_route=\/wp\/v2\/users\/1"}],"replies":[{"embeddable":true,"href":"https:\/\/www.olinews.it\/mt\/index.php?rest_route=%2Fwp%2Fv2%2Fcomments&post=2350"}],"version-history":[{"count":1,"href":"https:\/\/www.olinews.it\/mt\/index.php?rest_route=\/wp\/v2\/posts\/2350\/revisions"}],"predecessor-version":[{"id":3992,"href":"https:\/\/www.olinews.it\/mt\/index.php?rest_route=\/wp\/v2\/posts\/2350\/revisions\/3992"}],"wp:attachment":[{"href":"https:\/\/www.olinews.it\/mt\/index.php?rest_route=%2Fwp%2Fv2%2Fmedia&parent=2350"}],"wp:term":[{"taxonomy":"category","embeddable":true,"href":"https:\/\/www.olinews.it\/mt\/index.php?rest_route=%2Fwp%2Fv2%2Fcategories&post=2350"},{"taxonomy":"post_tag","embeddable":true,"href":"https:\/\/www.olinews.it\/mt\/index.php?rest_route=%2Fwp%2Fv2%2Ftags&post=2350"}],"curies":[{"name":"wp","href":"https:\/\/api.w.org\/{rel}","templated":true}]}}