{"id":2365,"date":"2015-05-28T18:40:00","date_gmt":"2015-05-28T17:40:00","guid":{"rendered":"http:\/\/www.olinews.it\/mt\/?p=2365"},"modified":"2020-04-28T18:43:42","modified_gmt":"2020-04-28T17:43:42","slug":"oli-426-sanita-i-precari-cronici-e-le-promesse-della-politica","status":"publish","type":"post","link":"https:\/\/www.olinews.it\/mt\/?p=2365","title":{"rendered":"OLI 426: SANITA&#8217; &#8211; I precari cronici e le promesse della politica"},"content":{"rendered":"<div dir=\"ltr\" style=\"text-align: left;\">\n<div style=\"clear: both; text-align: center;\"><a href=\"http:\/\/3.bp.blogspot.com\/-xLDMDmRtVCE\/VWY0yLx_aqI\/AAAAAAAAEJs\/Z7UX9foGlgg\/s1600\/DSCN6312.JPG\" style=\"clear: left; float: left; margin-bottom: 1em; margin-right: 1em;\"><img loading=\"lazy\" decoding=\"async\" border=\"0\" height=\"300\" src=\"https:\/\/olinews.it\/mt\/wp-content\/uploads\/2020\/04\/DSCN6312.jpg\" width=\"400\" \/><\/a><\/div>\n<p>20 maggio 2015. E\u2019 alla manifestazione per lo sciopero della Cgil contro il Jobs Act che tra striscioni istituzionali si distingue, come un lenzuolo al sole, quello dei precari del Gaslini, iscritti al Nidil e temporanei cronici. In uno degli ospedali pediatrici pi\u00f9 famosi d\u2019Italia sono \u201ccentoventi ricercatori \u2013 tra biologi, biotecnologi, tecnici di laboratorio, data manager\u201d &#8211; come spiega Patrizia De Marco, la loro portavoce &#8211; con un\u2019anzianit\u00e0 da precariato di dieci, quindici anni con picchi che possono arrivare ai trentatre\u201d. In tanti anni pochissimi concorsi, assenza di finanziamenti e volont\u00e0 politica hanno generato questo vulnus al quale per\u00f2 il Gaslini attinge per vantare, anche all\u2019estero, i progetti di ricerca del proprio istituto. Loro chiedono di essere stabilizzati, molti hanno fatto dei concorsi, ed hanno tutte le carte in regola. Ma fino ad oggi hanno ricevuto solo promesse, De Marco, delegata Nidil (Nuove Identit\u00e0 di Lavoro), parla \u201cdell\u2019assessore Montaldo, del presidente Burlando che hanno promesso un impegno nella stabilizzazione\u201d delle loro figure professionali, ma in dieci anni di giunta \u201cnon hanno fatto assolutamente nulla\u201d se non concedere delle deroghe senza sostenerle economicamente. E chi \u00e8 entrato \u00e8 stato grazie ai finanziamenti che l\u2019istituto ha ottenuto autonomamente.<br \/>Al Gaslini arrivano anche bambini dal Centro e dal Sud e bambini stranieri per curare patologie uniche, De Marco si occupa <a href=\"http:\/\/www.repubblica.it\/salute\/ricerca\/2015\/04\/03\/news\/ricercatori_italiani_scoprono_geni_che_causano_spina_bifida-111102444\/\">della ricerca sulla spina bifida<\/a>, ma i contratti possono essere rinnovati in base \u201calla disponibilit\u00e0 economica\u201d dei capi servizio, e ai fondi disponibili.<br \/>C&#8217;\u00e8 la precaria del San Martino-Ist da 25 anni che per tre mesi quest\u2019anno \u00e8 rimasta a casa, senza contratto. In tutto sono una ottantina, ma il numero \u00e8 fluttuante perch\u00e9 c\u2019\u00e8 chi va e chi viene. Normalmente sono sei, otto mesi di contratto, al San Martino ottenere un contratto di un anno \u00e8 un lusso.<br \/><a href=\"http:\/\/3.bp.blogspot.com\/-mgiOyru2z3k\/VWY1jm6g8BI\/AAAAAAAAEJ0\/gzgKw-aWYGo\/s1600\/Paola%2BBurlando.jpg\" style=\"clear: right; float: right; margin-bottom: 1em; margin-left: 1em;\"><img loading=\"lazy\" decoding=\"async\" border=\"0\" height=\"400\" src=\"https:\/\/olinews.it\/mt\/wp-content\/uploads\/2020\/04\/Paola2BBurlando.jpg\" width=\"298\" \/><\/a>In corteo la parola finanziamenti assume contorni pi\u00f9 definiti con loro che ti accompagnano tra  le tipologie di finanziamenti per la ricerca: quelli finalizzati, del Ministero della Salute \u2013 quotati in base alla produttivit\u00e0 scientifica dell\u2019istituto, tradotto numero di pubblicazioni su riviste scientifiche di alto livello; ma spesso quei soldi vengono dirottati per pagare le persone strutturate. E i fondi finanziati da fondazioni private \u2013 San Paolo, associazioni per la ricerca su patologie specifiche, Airc \u2013 finanziamenti che quando finiscono vedono i ricercatori bloccati nel loro lavoro. Inoltre il cda del Gaslini, nel 2011, ha deliberato che i ricercatori non possono avere contratti per pi\u00f9 di cinque anni, questo nell\u2019ottica di favorirne la regolarizzazione. Quindi a giugno 2016, 49 persone rischiano di non poter pi\u00f9 lavorare al Gaslini perch\u00e9 nel frattempo nessuna assunzione \u00e8 stata prodotta e i cinque anni saranno finiti. Anche lo screening neonatale al Gaslini \u00e8 affidato a precari: chi si occupa della diagnosi precoce di alcune malattie \u201cdal 1 settembre 2001\u201d ha subito ogni forma di contratto esistente: dalle borse di studio, ai contratti co.co.co alle prestazioni occasionali nonostante il lavoro svolto fosse sempre lo stesso. Il contratto scadr\u00e0 tra un anno ed \u00e8 coordinatrice, precaria, di laboratorio. Quello della collega ha un rinnovo di otto mesi. Fanno decine di migliaia di esami all&#8217;anno.<br \/>Il voto per le Regionali? Non sanno. Ma il manifesto con il quale Burlando garantiva la ricerca in Liguria quello no, non lo hanno dimenticato. Lei si chiamava Paola.<br \/><b>(<i>Giovanna Profumo<\/i> &#8211; immagini dell&#8217;autrice e da internet)<\/b><\/div>\n","protected":false},"excerpt":{"rendered":"<p>20 maggio 2015. E\u2019 alla manifestazione per lo sciopero della Cgil contro il Jobs Act che tra striscioni istituzionali si distingue, come un lenzuolo al sole, quello dei precari del Gaslini, iscritti al Nidil e temporanei cronici. In uno degli ospedali pediatrici pi\u00f9 famosi d\u2019Italia sono \u201ccentoventi ricercatori \u2013 tra biologi, biotecnologi, tecnici di laboratorio, [&hellip;]<\/p>\n","protected":false},"author":1,"featured_media":0,"comment_status":"closed","ping_status":"closed","sticky":false,"template":"","format":"standard","meta":{"footnotes":""},"categories":[355,304,375,385,388,387,386],"tags":[],"class_list":["post-2365","post","type-post","status-publish","format-standard","hentry","category-claudio-burlando","category-giovanna-profumo","category-oli-426","category-ospedale-giannina-gaslini","category-patrizia-de-marco","category-ricerca","category-sanita"],"_links":{"self":[{"href":"https:\/\/www.olinews.it\/mt\/index.php?rest_route=\/wp\/v2\/posts\/2365","targetHints":{"allow":["GET"]}}],"collection":[{"href":"https:\/\/www.olinews.it\/mt\/index.php?rest_route=\/wp\/v2\/posts"}],"about":[{"href":"https:\/\/www.olinews.it\/mt\/index.php?rest_route=\/wp\/v2\/types\/post"}],"author":[{"embeddable":true,"href":"https:\/\/www.olinews.it\/mt\/index.php?rest_route=\/wp\/v2\/users\/1"}],"replies":[{"embeddable":true,"href":"https:\/\/www.olinews.it\/mt\/index.php?rest_route=%2Fwp%2Fv2%2Fcomments&post=2365"}],"version-history":[{"count":2,"href":"https:\/\/www.olinews.it\/mt\/index.php?rest_route=\/wp\/v2\/posts\/2365\/revisions"}],"predecessor-version":[{"id":4264,"href":"https:\/\/www.olinews.it\/mt\/index.php?rest_route=\/wp\/v2\/posts\/2365\/revisions\/4264"}],"wp:attachment":[{"href":"https:\/\/www.olinews.it\/mt\/index.php?rest_route=%2Fwp%2Fv2%2Fmedia&parent=2365"}],"wp:term":[{"taxonomy":"category","embeddable":true,"href":"https:\/\/www.olinews.it\/mt\/index.php?rest_route=%2Fwp%2Fv2%2Fcategories&post=2365"},{"taxonomy":"post_tag","embeddable":true,"href":"https:\/\/www.olinews.it\/mt\/index.php?rest_route=%2Fwp%2Fv2%2Ftags&post=2365"}],"curies":[{"name":"wp","href":"https:\/\/api.w.org\/{rel}","templated":true}]}}