{"id":2370,"date":"2015-05-08T17:55:00","date_gmt":"2015-05-08T16:55:00","guid":{"rendered":"http:\/\/www.olinews.it\/mt\/?p=2370"},"modified":"2020-04-28T18:43:42","modified_gmt":"2020-04-28T17:43:42","slug":"oli-425-lavoro-un-concerto-di-macchine-da-cucire-in-ricordo-del-rana-plaza","status":"publish","type":"post","link":"https:\/\/www.olinews.it\/mt\/?p=2370","title":{"rendered":"OLI 425: LAVORO &#8211; Un concerto di macchine da cucire in ricordo del Rana Plaza"},"content":{"rendered":"<div dir=\"ltr\" style=\"text-align: left;\">\n<div style=\"clear: both; text-align: center;\"><a href=\"http:\/\/3.bp.blogspot.com\/-SsTQjBJwWL0\/VUy8-3xrwQI\/AAAAAAAAEHc\/TvORHKjH1P0\/s1600\/macchine%2Bda%2Bcucire%2Bdanza.JPG\" style=\"clear: left; float: left; margin-bottom: 1em; margin-right: 1em;\"><img loading=\"lazy\" decoding=\"async\" border=\"0\" height=\"300\" src=\"https:\/\/olinews.it\/mt\/wp-content\/uploads\/2020\/04\/macchine2Bda2Bcucire2Bdanza.jpg\" width=\"400\" \/><\/a><\/div>\n<p>A due anni dalla terribile tragedia avvenuta a Dacca in Bangladesh per il crollo dell&#8217;edificio Rana Plaza del 24 aprile 2013, a Genova sono state ricordate le 1138 vittime al Palazzo Ducale durante la performance &#8220;<a href=\"https:\/\/www.youtube.com\/watch?v=UL5gMyrDGLQ\">13600hZ concerto per macchine da cucire<\/a>&#8220;.<br \/>&#8220;Un progetto che nasce dall&#8217;abitare l&#8217;abito, dalla responsabilit\u00e0 dei consumatori in relazione al reale rapporto con l&#8217;abito&#8221; dichiara Sara Conforti dell&#8217;Associazione Culturale H\u00f2ferlab &#8220;e mira a coinvolgere il pubblico attraverso un discorso sensoriale per quel che riguarda la compulsivit\u00e0 contemporanea rispetto all&#8217;acquisto&#8221;<br \/>Il crollo del Rana Plaza \u00e8 stato uno dei pi\u00f9 gravi incidenti nella storia del tessile. Un edificio di otto  piani, l&#8217;ultimo costruito illegalmente, in cui c&#8217;erano cinque fabbriche tessili che non rispettavano le norme di sicurezza.<br \/>Il giorno prima dell&#8217;incidente le lavoratrici avevano visto delle crepe e sentito dei rumori ed ebbero paura, visti i crolli di edifici simili nei mesi precedenti, e nonostante le loro denunce furono costrette dai padroni ad entrare quel giorno 24 aprile nell&#8217;edificio.<br \/>Gli operai del Rana Plaza lavoravano per 30 marchi internazionali della moda tra cui la Benetton italiana che dopo due anni di pressioni da parte della Campagna Abiti Puliti ha deciso di pagare solo 1,1 dei 5 milioni richiesti per il fondo delle vittime.<br \/>La Campagna Abiti Puliti (Clean Clothes Campaign) da 30 anni segue casi di violazione di diritti del lavoro e violazione dei diritti umani, da due anni fa pressione a livello internazionale per il risarcimento economico ai familiari delle vittime del crollo del Rana Plaza da parte dei grandi marchi della moda coinvolti.<br \/>&#8220;<i>La Campagna ha ottenuto due risultati importanti<\/i>&#8221; dichiara Deborah Lucchetti portavoce italiana della Clean Clothes Campaign &#8220;un&#8217;accordo per la sicurezza e la prevenzione degli incendi in Bangladesh entrato in vigore l&#8217;anno scorso e firmato da 170 marchi multinazionali e un accordo per il risarcimento dei danni  ai familiari delle vittime. Questo accordo non \u00e8 ancora compiuto perch\u00e8 mancano 7milioni di dollari al fondo che ne richiede 30milioni&#8221;<br \/>Ad oggi sono 80milioni gli operai, donne e bambine nell&#8217;industria del tessile che lavorano in condizioni<\/p>\n<div style=\"clear: both; text-align: center;\"><a href=\"http:\/\/1.bp.blogspot.com\/-u0EYR1amKEc\/VUy9tNnpqmI\/AAAAAAAAEHk\/Qqx8ehfM32k\/s1600\/macchine%2Bda%2Bcucire%2Bbende.JPG\" style=\"clear: right; float: right; margin-bottom: 1em; margin-left: 1em;\"><img loading=\"lazy\" decoding=\"async\" border=\"0\" height=\"300\" src=\"https:\/\/olinews.it\/mt\/wp-content\/uploads\/2020\/04\/macchine2Bda2Bcucire2Bbende.jpg\" width=\"400\" \/><\/a><\/div>\n<p>disumane e di sfruttamento, 16 ore al giorno per sei giorni a settimana per pochissimi dollari al giorno, il 2% del prezzo finale del prodotto, ogni giorno cuciono e confezionano abiti e accessori per i consumatori occidentali ma loro non potranno mai comprare quello che producono. &#8220;Oggi, in questa et\u00e0 del capitalismo contemporanea&#8221; dice Deborah Lucchetti &#8220;non esiste un meccanismo globale che faccia si che un&#8217;impresa che produce danni di violazione di diritti umani in paesi terzi, venga in qualche modo accusata e penalizzata per tali comportamenti&#8221;.<br \/>Per questo motivo \u00e8 sempre pi\u00f9 urgente la necessit\u00e0 di costruire momenti di sensibilizzazione e presa di coscienza sulle storie di ingiustizia che si celano dietro le etichette che indossiamo, solo cos\u00ec possiamo diventare consumatori critici per i nostri acquisti e dire &#8220;mai pi\u00f9 Rana Plaza&#8221;.<br \/><b>(<i>Maria Di Pietro<\/i> &#8211; foto di Giovanna Profumo)<\/b><\/div>\n","protected":false},"excerpt":{"rendered":"<p>A due anni dalla terribile tragedia avvenuta a Dacca in Bangladesh per il crollo dell&#8217;edificio Rana Plaza del 24 aprile 2013, a Genova sono state ricordate le 1138 vittime al Palazzo Ducale durante la performance &#8220;13600hZ concerto per macchine da cucire&#8220;.&#8220;Un progetto che nasce dall&#8217;abitare l&#8217;abito, dalla responsabilit\u00e0 dei consumatori in relazione al reale rapporto [&hellip;]<\/p>\n","protected":false},"author":1,"featured_media":0,"comment_status":"closed","ping_status":"closed","sticky":false,"template":"","format":"standard","meta":{"footnotes":""},"categories":[396,395,284,393,397],"tags":[],"class_list":["post-2370","post","type-post","status-publish","format-standard","hentry","category-campagna-abiti-puliti","category-concerto-di-macchine-da-cucire","category-maria-di-pietro","category-oli-425","category-rana-plaza"],"_links":{"self":[{"href":"https:\/\/www.olinews.it\/mt\/index.php?rest_route=\/wp\/v2\/posts\/2370","targetHints":{"allow":["GET"]}}],"collection":[{"href":"https:\/\/www.olinews.it\/mt\/index.php?rest_route=\/wp\/v2\/posts"}],"about":[{"href":"https:\/\/www.olinews.it\/mt\/index.php?rest_route=\/wp\/v2\/types\/post"}],"author":[{"embeddable":true,"href":"https:\/\/www.olinews.it\/mt\/index.php?rest_route=\/wp\/v2\/users\/1"}],"replies":[{"embeddable":true,"href":"https:\/\/www.olinews.it\/mt\/index.php?rest_route=%2Fwp%2Fv2%2Fcomments&post=2370"}],"version-history":[{"count":2,"href":"https:\/\/www.olinews.it\/mt\/index.php?rest_route=\/wp\/v2\/posts\/2370\/revisions"}],"predecessor-version":[{"id":4274,"href":"https:\/\/www.olinews.it\/mt\/index.php?rest_route=\/wp\/v2\/posts\/2370\/revisions\/4274"}],"wp:attachment":[{"href":"https:\/\/www.olinews.it\/mt\/index.php?rest_route=%2Fwp%2Fv2%2Fmedia&parent=2370"}],"wp:term":[{"taxonomy":"category","embeddable":true,"href":"https:\/\/www.olinews.it\/mt\/index.php?rest_route=%2Fwp%2Fv2%2Fcategories&post=2370"},{"taxonomy":"post_tag","embeddable":true,"href":"https:\/\/www.olinews.it\/mt\/index.php?rest_route=%2Fwp%2Fv2%2Ftags&post=2370"}],"curies":[{"name":"wp","href":"https:\/\/api.w.org\/{rel}","templated":true}]}}