{"id":2371,"date":"2015-05-08T17:50:00","date_gmt":"2015-05-08T16:50:00","guid":{"rendered":"http:\/\/www.olinews.it\/mt\/?p=2371"},"modified":"2020-04-28T18:43:42","modified_gmt":"2020-04-28T17:43:42","slug":"oli-425-25-aprile-resistere-alle-valli-e-guardare-al-futuro","status":"publish","type":"post","link":"https:\/\/www.olinews.it\/mt\/?p=2371","title":{"rendered":"OLI 425: 25 APRILE &#8211; Resistere alle Valli e guardare al futuro"},"content":{"rendered":"<div dir=\"ltr\" style=\"text-align: left;\">\n<div style=\"clear: both; text-align: center;\"><a href=\"http:\/\/3.bp.blogspot.com\/-LlsP_Zn1_BQ\/VUy5R_iyNgI\/AAAAAAAAEHQ\/LtjNW83VaUc\/s1600\/valli%2Bgente.JPG\" style=\"clear: left; float: left; margin-bottom: 1em; margin-right: 1em;\"><img loading=\"lazy\" decoding=\"async\" border=\"0\" height=\"300\" src=\"https:\/\/olinews.it\/mt\/wp-content\/uploads\/2020\/04\/valli2Bgente.jpg\" width=\"400\" \/><\/a><\/div>\n<p>Anche quest\u2019anno il 25 aprile \u00e8 assurto alle cronache nazionali con palinsesti milionari, processioni e corone. Cerimonia laica <i>sacrosanta<\/i>, apparsa a molti ancor pi\u00f9 necessaria visto che ricorrevano settant\u2019anni dalla Liberazione. E poco importa che a commemorare ci fosse chi la Costituzione la mortifica in parlamento: \u00e8 solo tristezza presente sommata alla memoria passata. Piccola assuefazione al peggio.<br \/>Tuttavia esistono luoghi felici dove commemorare corrisponde a ragionare e perch\u00e9 no, a progettare. Spazi toccati dalla presenza di giovani \u2013 \u00e8 aperta la stagione di caccia a questa specie sotto campagna elettorale \u2013 che ascoltano e condividono idee per il proprio futuro, parlano della resistenza di oggi, magari al femminile e commemorano anche, con la proiezione di un docufilm su un partigiano diretto da uno di loro.<br \/>Ricordare il 25 aprile alle <a href=\"http:\/\/www.valliunite.com\/\">Valli Unite<\/a> \u00e8 stato questo: un grandioso fine settimana sui prati, tra le cascine della cooperativa di Costa Vescovato, tra i colli tortonesi, un fiorire di giovani famiglie con piccoli marmocchi che pareva di essere in Svezia. Cos\u00ec \u00e8 stato possibile conoscere di pi\u00f9 sulla resistenza delle&nbsp;<a href=\"https:\/\/www.youtube.com\/watch?v=5A9aqxkCr_E\">miliziane curde in Siria<\/a> e su un modello di democrazia che vuole rappresentare maschio e femmina con pari dignit\u00e0.<br \/>E ancora sapere che \u2013 mentre l\u2019Expo apre con la sfida di nutrire addirittura il pianeta \u2013 alle Valli, \u00e8 nata l\u2019associazione ForestIERI \u2013 perch\u00e9 per la gente del luogo chi si insedia rimane sempre un &#8220;foresto&#8221;, come ha spiegato Ottavio Rube \u2013&nbsp;con lo scopo di ripopolare il territorio con nuovi insediamenti agricoli e abitativi. Cos\u00ec \u00e8 stato fatto il punto della situazione grazie ad una ricerca di Jeff Quiligotti, insieme ai produttori di vino Timorasso, a Manlio Calegari, Marco Revelli, Andrea Cavallero. Lontano dalle dinamiche della politica, dai bandi europei \u2013 l\u2019invito accorato \u00e8 starne alla larga per non esserne vittime &#8211; si comprende cosa vuol dire tornare a coltivare la terra se c&#8217;\u00e8 una visione dove si accoglie e si condivide e il trattore si presta al vicino.<br \/>Si \u00e8 parlato di semplificazione per le aziende che nascono, di catalogare le terre libere facendo in modo che i comuni collaborino, di facilitazioni, e di una rete umana per non essere isolati. Quindi aiuto pratico per avere la terra, ripopolare il territorio e creare un&#8217;economia che generi ricchezza e qualit\u00e0 della vita.<br \/>Le storie raccontate sono quelle di chi \u201cha lasciato perdere l&#8217;azienda paterna\u201d per insegnare in citt\u00e0, ma con la volont\u00e0 di raccogliere testimonianze su tutta la memoria possibile del luogo, ma anche di chi ha deciso di farsi contadino senza nessuna radice familiare, senza esperienza, persone nuove. L&#8217;inchiesta ha messo a fuoco il ruolo di un intermediario sociale, l&#8217;associazione ForestIERI, che \u00e8 poi la cooperativa, e il fatto che questi insediamenti sono in funzione di un volano che non \u00e8 solo soluzione economica o imprenditoriale, ma \u00e8 anche soluzione culturale complessiva di conoscenza, di fiducia: quella fiducia che nella storia della Cooperativa le Valli Unite, trenta, quarant&#8217;anni fa, il territorio non le voleva riconoscere.<br \/>E poich\u00e9 senza i partigiani non \u00e8 25 aprile, \u00e8 stato proiettato il docufilm \u201c<a href=\"http:\/\/www.quasarmultimedia.it\/quasarweb\/index.php?option=com_content&amp;view=article&amp;id=67&amp;Itemid=93&amp;lang=it\">Like e bullet around Europe<\/a>\u201d sulla figura di Anton Ukmar detto Miro, comandate della VI Zona, diretto da Mauro Tonini .<br \/><b>(Giovanna Profumo &#8211; <i>Foto dell&#8217;autrice<\/i>)<\/b><\/div>\n","protected":false},"excerpt":{"rendered":"<p>Anche quest\u2019anno il 25 aprile \u00e8 assurto alle cronache nazionali con palinsesti milionari, processioni e corone. Cerimonia laica sacrosanta, apparsa a molti ancor pi\u00f9 necessaria visto che ricorrevano settant\u2019anni dalla Liberazione. E poco importa che a commemorare ci fosse chi la Costituzione la mortifica in parlamento: \u00e8 solo tristezza presente sommata alla memoria passata. Piccola [&hellip;]<\/p>\n","protected":false},"author":1,"featured_media":0,"comment_status":"closed","ping_status":"closed","sticky":false,"template":"","format":"standard","meta":{"footnotes":""},"categories":[401,405,304,398,399,400,404,393,402,406,403],"tags":[],"class_list":["post-2371","post","type-post","status-publish","format-standard","hentry","category-25-aprile","category-cooperativa-valli-unite","category-giovanna-profumo","category-jeff-quiligotti","category-manlio-calegari","category-marco-revelli","category-mauro-tonini","category-oli-425","category-partigiani","category-terre-agricole","category-timorasso"],"_links":{"self":[{"href":"https:\/\/www.olinews.it\/mt\/index.php?rest_route=\/wp\/v2\/posts\/2371","targetHints":{"allow":["GET"]}}],"collection":[{"href":"https:\/\/www.olinews.it\/mt\/index.php?rest_route=\/wp\/v2\/posts"}],"about":[{"href":"https:\/\/www.olinews.it\/mt\/index.php?rest_route=\/wp\/v2\/types\/post"}],"author":[{"embeddable":true,"href":"https:\/\/www.olinews.it\/mt\/index.php?rest_route=\/wp\/v2\/users\/1"}],"replies":[{"embeddable":true,"href":"https:\/\/www.olinews.it\/mt\/index.php?rest_route=%2Fwp%2Fv2%2Fcomments&post=2371"}],"version-history":[{"count":2,"href":"https:\/\/www.olinews.it\/mt\/index.php?rest_route=\/wp\/v2\/posts\/2371\/revisions"}],"predecessor-version":[{"id":4276,"href":"https:\/\/www.olinews.it\/mt\/index.php?rest_route=\/wp\/v2\/posts\/2371\/revisions\/4276"}],"wp:attachment":[{"href":"https:\/\/www.olinews.it\/mt\/index.php?rest_route=%2Fwp%2Fv2%2Fmedia&parent=2371"}],"wp:term":[{"taxonomy":"category","embeddable":true,"href":"https:\/\/www.olinews.it\/mt\/index.php?rest_route=%2Fwp%2Fv2%2Fcategories&post=2371"},{"taxonomy":"post_tag","embeddable":true,"href":"https:\/\/www.olinews.it\/mt\/index.php?rest_route=%2Fwp%2Fv2%2Ftags&post=2371"}],"curies":[{"name":"wp","href":"https:\/\/api.w.org\/{rel}","templated":true}]}}