{"id":2488,"date":"2014-09-18T17:20:00","date_gmt":"2014-09-18T16:20:00","guid":{"rendered":"http:\/\/www.olinews.it\/mt\/?p=2488"},"modified":"2020-04-28T18:51:57","modified_gmt":"2020-04-28T17:51:57","slug":"oli-412-iniziative-27-settembre-allo-zenzero-democrazia-partecipativa","status":"publish","type":"post","link":"https:\/\/www.olinews.it\/mt\/?p=2488","title":{"rendered":"OLI 412: INIZIATIVE &#8211; 27 settembre, Allo Zenzero democrazia partecipativa"},"content":{"rendered":"<div dir=\"ltr\" style=\"text-align: left;\">\n<table cellpadding=\"0\" cellspacing=\"0\" style=\"float: left; margin-right: 1em; text-align: left;\">\n<tbody>\n<tr>\n<td style=\"text-align: center;\"><a href=\"https:\/\/olinews.it\/mt\/wp-content\/uploads\/2020\/04\/DIRITTI2BUMANI2Bcolor2Bpiccolo2B1.jpg\" style=\"clear: left; margin-bottom: 1em; margin-left: auto; margin-right: auto;\"><img loading=\"lazy\" decoding=\"async\" border=\"0\" src=\"https:\/\/olinews.it\/mt\/wp-content\/uploads\/2020\/04\/DIRITTI2BUMANI2Bcolor2Bpiccolo2B1.jpg\" height=\"316\" width=\"320\" \/><\/a><\/td>\n<\/tr>\n<tr>\n<td style=\"text-align: center;\">(immagine di Guido Rosato)<\/td>\n<\/tr>\n<\/tbody>\n<\/table>\n<p><b>Di seguito segnaliamo l&#8217;iniziativa del Circolo Zenzero<\/b><br \/>La democrazia partecipativa e la partecipazione sempre pi\u00f9 spesso vengono citate ma sempre meno spesso vengono attivate.<br \/>I termini a volte vengono abusati per far sembrare pi\u00f9 belle politiche decrepite, ma altre volte vengono usati per attivare politiche virtuose.<br \/>&nbsp;Ma anche tra coloro che cercano di valorizzarle ci sono modi diversi di intendere questi termini e la loro applicazione.<br \/>Tra persone e gruppi attenti ai beni comuni \u00e8 sorto il desiderio di un confronto sul significato di democrazia partecipativa e gestione partecipata dei beni comuni. Si sente necessario fare una raccolta di contributi in termini di esperienze, idee, punti di vista e proposte riguardanti questi temi. Da questo cogliere l&#8217;occasione per l&#8217;individuazione degli obiettivi sui quali lavorare insieme. Per raggiungere questi tre scopi \u00e8 stato pensato un laboratorio nel quale lavorare insieme come singoli e come aggregazioni utilizzando modalit\u00e0 attive.<br \/>La facilitazione dovrebbe permettere un confronto pi\u00f9 ampio e ricco ma sar\u00e0 fondamentale l&#8217;impegno dei partecipanti che saranno chiamati a mettersi in gioco non solo come ascoltatori ma come elementi attivi nelle dinamiche di confronto e decisionali. Quanto pi\u00f9 le persone presenti parteciperanno attivamente portando idee ma anche energie e tempo quanto migliori saranno i risultati.<br \/>Il laboratorio si terr\u00e0 sabato 27 settembre 2014 presso il circolo ARCI Zenzero in Via Torti 35, 16143 Genova (010 941 2005) dalle 10 alle 17.<br \/>A pranzo verr\u00e0 fornito un buffet.<br \/>Ai partecipanti verr\u00e0 chiesto un contributo di almeno 7 euro per i materiali e il pranzo. Il costo non deve per\u00f2 scoraggiare dalla partecipazione. Chi ha difficolt\u00e0 a sostenere questa spesa \u00e8 caldamente invitato a farle presenti nell&#8217;iscrizione e a non rinunciare perch\u00e9 si trover\u00e0 il modo per ridurre l&#8217;importo alle sue esigenze.<br \/>Il laboratorio, prevedendo una consequenzialit\u00e0 dell&#8217;azione, richiede una presenza continua dall&#8217;inizio alla fine. Per questo si richiede la presenza puntuale all&#8217;inizio e sar\u00e0 privilegiato chi potr\u00e0 partecipare fino alla fine.<br \/>Per partecipare \u00e8 necessario iscriversi tramite il <a href=\"https:\/\/docs.google.com\/forms\/d\/1q6odaawKLlxDNoDexat0KXvGr2dK7mVmNoce9MOiCic\/viewform\">modulo<\/a>&nbsp;che consentir\u00e0 di ricevere le informazioni per la partecipazione, di valutare correttamente il numero dei pasti, di calibrare l&#8217;attivit\u00e0 sulle caratteristiche dei partecipanti. Agli iscritti verr\u00e0 inviata una comunicazione di conferma.<br \/>Raggiunto il numero massimo di partecipanti, oltre il quale sarebbe difficile lavorare efficacemente, le iscrizioni resteranno in lista di attesa.<br \/>Il seminario \u00e8 stato progettato da Attac Liguria, dal Comitato Acqua Bene Comune di Genova e dal Circolo Arci Zenzero<\/div>\n","protected":false},"excerpt":{"rendered":"<p>(immagine di Guido Rosato) Di seguito segnaliamo l&#8217;iniziativa del Circolo ZenzeroLa democrazia partecipativa e la partecipazione sempre pi\u00f9 spesso vengono citate ma sempre meno spesso vengono attivate.I termini a volte vengono abusati per far sembrare pi\u00f9 belle politiche decrepite, ma altre volte vengono usati per attivare politiche virtuose.&nbsp;Ma anche tra coloro che cercano di valorizzarle [&hellip;]<\/p>\n","protected":false},"author":1,"featured_media":0,"comment_status":"closed","ping_status":"closed","sticky":false,"template":"","format":"standard","meta":{"footnotes":""},"categories":[747,749,716,748],"tags":[],"class_list":["post-2488","post","type-post","status-publish","format-standard","hentry","category-27-settembre-2014","category-arci-zenzero","category-oli-412","category-seminario-democrazia-partecipativa"],"_links":{"self":[{"href":"https:\/\/www.olinews.it\/mt\/index.php?rest_route=\/wp\/v2\/posts\/2488","targetHints":{"allow":["GET"]}}],"collection":[{"href":"https:\/\/www.olinews.it\/mt\/index.php?rest_route=\/wp\/v2\/posts"}],"about":[{"href":"https:\/\/www.olinews.it\/mt\/index.php?rest_route=\/wp\/v2\/types\/post"}],"author":[{"embeddable":true,"href":"https:\/\/www.olinews.it\/mt\/index.php?rest_route=\/wp\/v2\/users\/1"}],"replies":[{"embeddable":true,"href":"https:\/\/www.olinews.it\/mt\/index.php?rest_route=%2Fwp%2Fv2%2Fcomments&post=2488"}],"version-history":[{"count":1,"href":"https:\/\/www.olinews.it\/mt\/index.php?rest_route=\/wp\/v2\/posts\/2488\/revisions"}],"predecessor-version":[{"id":4518,"href":"https:\/\/www.olinews.it\/mt\/index.php?rest_route=\/wp\/v2\/posts\/2488\/revisions\/4518"}],"wp:attachment":[{"href":"https:\/\/www.olinews.it\/mt\/index.php?rest_route=%2Fwp%2Fv2%2Fmedia&parent=2488"}],"wp:term":[{"taxonomy":"category","embeddable":true,"href":"https:\/\/www.olinews.it\/mt\/index.php?rest_route=%2Fwp%2Fv2%2Fcategories&post=2488"},{"taxonomy":"post_tag","embeddable":true,"href":"https:\/\/www.olinews.it\/mt\/index.php?rest_route=%2Fwp%2Fv2%2Ftags&post=2488"}],"curies":[{"name":"wp","href":"https:\/\/api.w.org\/{rel}","templated":true}]}}