{"id":2509,"date":"2014-07-02T16:59:00","date_gmt":"2014-07-02T15:59:00","guid":{"rendered":"http:\/\/www.olinews.it\/mt\/?p=2509"},"modified":"2020-04-28T18:51:58","modified_gmt":"2020-04-28T17:51:58","slug":"oli-409-palestina-giovani-vite-perse","status":"publish","type":"post","link":"https:\/\/www.olinews.it\/mt\/?p=2509","title":{"rendered":"OLI 409: PALESTINA &#8211; Giovani vite perse"},"content":{"rendered":"<div dir=\"ltr\" style=\"text-align: left;\">Lunedi 30 giugno sono stati ritrovati nei pressi di Halhoul i cadaveri dei tre coloni ebrei scomparsi il 12 giugno scorso. Si tratta di Naftali Frankel, 16 anni; Gilad Shaer, 16 anni, Eyal Yifrah, 19 anni. I tre ragazzi erano stati visti l&#8217;ultima volta facendo l\u2019autostop al ritorno dalla scuola ebraica Yeshiva, sita nell\u2019insediamento illegale di Gush Etzion situato nella zona tra Betlemme ed Hebron nei territori occupati palestinesi.<br \/><a href=\"https:\/\/olinews.it\/mt\/wp-content\/uploads\/2020\/04\/4.jpg\" style=\"clear: right; float: right; margin-bottom: 1em; margin-left: 1em;\"><img loading=\"lazy\" decoding=\"async\" border=\"0\" src=\"https:\/\/olinews.it\/mt\/wp-content\/uploads\/2020\/04\/4.jpg\" height=\"198\" width=\"320\" \/><\/a>Il mondo \u00e8 giustamente scioccato di fronte a tale orrore e violenza; l&#8217;uccisione di giovani ragazzi innocenti e disarmati deve suscitare dolore e indignazione.<br \/>Ogni morte simile, soprattutto di adolescenti, non pu\u00f2 essere giustificata per nessun motivo.  Purtroppo, invece accade che alcune giovani morti passino inosservate perch\u00e9 non avvenute presso popoli dominanti.<br \/>Il mondo non si \u00e8 indignato per la morte di altre giovani vittime di violenza e assassinio. Ahmad Samada, 20 anni, ucciso il 15 giugno nel campo profughi di Jalazun; Muhammad Doudin, 14 anni, ucciso il 20 giugno nella citt\u00e0 di Dura, nel distretto di Hebron; Ahmad Khalid, 27 anni, mentalmente disturbato, ucciso il 21 giugno nel campo profughi di Al Ain, Nablus; Mahmoud Tarif, 30 anni, ucciso nelle prime ore del 22 giugno a Ramallah. Ali Awr, 10 anni, morto a seguito di ferite riportate sotto un bombardamento dell\u201911 giugno vicino ad Al Sudania, ad ovest di Beit lahia, Gaza; Mustafa Aslan, 22 anni, colpito da proiettili il 20 giugno nel campo profughi di Qalandia; Yousef Abu Zagha, 18 anni, colpito al petto a Jenin,.<br \/>Solo nel mese di giugno in Palestina sono state uccise 7 persone, ferite 118 e arrestate 471, inclusi 11 parlamentari.  Le forze israeliane hanno effettuato 454 raid, hanno fatto irruzione in centinaia di abitazioni private palestinesi spesso con incursioni notturne, in negozi, in sedi di organi di stampa e uffici di organizzazioni della societ\u00e0 civile.<br \/>Il ritrovamento dei tre giovani israeliani giustificher\u00e0 ancora di pi\u00f9 la brutalit\u00e0 e la violenza dell&#8217;assedio israeliano nei confronti del popolo palestinese. In questi giorni si sta attuando una vera e propria \u201cpunizione collettiva\u201d. Quattordicimila soldati sono stati mandati nelle case, nei villaggi e nelle citt\u00e0, distruggendo non solo le vite di innocenti, ma anche case e beni di civili.<br \/>Il premier israeliano Netanyahu ha dichiarato che Hamas \u00e8 il responsabile e pagher\u00e0. Sono stati intensificati i raid aerei sulla striscia di Gaza; non bastano le centinaia di bambini fatti a pezzi dalle bombe durante le precedenti operazioni militari a Gaza.<br \/>Persino il ministro degli esteri, Federica Mogherini, ha espresso il suo &#8220;grandissimo dolore&#8221; per i tre giovani israeliani: &#8220;Siamo vicini a Israele in questo momento di grave lutto, voglio porgere al governo e al popolo israeliano le condoglianze mie e dell\u2019intero governo italiano per questi omicidi che condanniamo nel modo pi\u00f9 fermo&#8221;.<\/p>\n<div style=\"clear: both; text-align: center;\"><a href=\"https:\/\/olinews.it\/mt\/wp-content\/uploads\/2020\/04\/3.jpg\" style=\"clear: left; float: left; margin-bottom: 1em; margin-right: 1em;\"><img loading=\"lazy\" decoding=\"async\" border=\"0\" src=\"https:\/\/olinews.it\/mt\/wp-content\/uploads\/2020\/04\/3.jpg\" height=\"213\" width=\"320\" \/><\/a><\/div>\n<p>Comprensibile essere vicini al dolore dei familiari delle vittime ma essere vicini ad un governo che dal 1967 viola i diritti umani e il diritto internazionale secondo la Corte Internazionale di Giustizia e il Consiglio di Sicurezza dell\u2019Onu, e usa armi chimiche sui civili, che causano malformazioni genetiche, vietate dal protocollo di Ginevra, pare essere un&#8217;affermazione azzardata.<br \/>E ancora una volta gli omicidi di giovani palestinesi non suscitano l&#8217;indignazione di popoli e governi internazionali. Omicidi che non saranno condannati nel modo pi\u00f9 fermo.<br \/>Ancora una volta nessuno esprime lutto e condoglianze a genitori le cui lacrime passeranno inosservate dalla stampa mondiale.<br \/><b>(<i>Maria Di Pietro<\/i> &#8211; foto da internet)<\/b><\/div>\n","protected":false},"excerpt":{"rendered":"<p>Lunedi 30 giugno sono stati ritrovati nei pressi di Halhoul i cadaveri dei tre coloni ebrei scomparsi il 12 giugno scorso. Si tratta di Naftali Frankel, 16 anni; Gilad Shaer, 16 anni, Eyal Yifrah, 19 anni. I tre ragazzi erano stati visti l&#8217;ultima volta facendo l\u2019autostop al ritorno dalla scuola ebraica Yeshiva, sita nell\u2019insediamento illegale [&hellip;]<\/p>\n","protected":false},"author":1,"featured_media":0,"comment_status":"closed","ping_status":"closed","sticky":false,"template":"","format":"standard","meta":{"footnotes":""},"categories":[785,788,786,284,783,787,440],"tags":[],"class_list":["post-2509","post","type-post","status-publish","format-standard","hentry","category-giovani","category-lacrime","category-lutto","category-maria-di-pietro","category-oli-409","category-omicidi","category-palestina"],"_links":{"self":[{"href":"https:\/\/www.olinews.it\/mt\/index.php?rest_route=\/wp\/v2\/posts\/2509","targetHints":{"allow":["GET"]}}],"collection":[{"href":"https:\/\/www.olinews.it\/mt\/index.php?rest_route=\/wp\/v2\/posts"}],"about":[{"href":"https:\/\/www.olinews.it\/mt\/index.php?rest_route=\/wp\/v2\/types\/post"}],"author":[{"embeddable":true,"href":"https:\/\/www.olinews.it\/mt\/index.php?rest_route=\/wp\/v2\/users\/1"}],"replies":[{"embeddable":true,"href":"https:\/\/www.olinews.it\/mt\/index.php?rest_route=%2Fwp%2Fv2%2Fcomments&post=2509"}],"version-history":[{"count":2,"href":"https:\/\/www.olinews.it\/mt\/index.php?rest_route=\/wp\/v2\/posts\/2509\/revisions"}],"predecessor-version":[{"id":4581,"href":"https:\/\/www.olinews.it\/mt\/index.php?rest_route=\/wp\/v2\/posts\/2509\/revisions\/4581"}],"wp:attachment":[{"href":"https:\/\/www.olinews.it\/mt\/index.php?rest_route=%2Fwp%2Fv2%2Fmedia&parent=2509"}],"wp:term":[{"taxonomy":"category","embeddable":true,"href":"https:\/\/www.olinews.it\/mt\/index.php?rest_route=%2Fwp%2Fv2%2Fcategories&post=2509"},{"taxonomy":"post_tag","embeddable":true,"href":"https:\/\/www.olinews.it\/mt\/index.php?rest_route=%2Fwp%2Fv2%2Ftags&post=2509"}],"curies":[{"name":"wp","href":"https:\/\/api.w.org\/{rel}","templated":true}]}}