{"id":2526,"date":"2014-05-29T10:20:00","date_gmt":"2014-05-29T09:20:00","guid":{"rendered":"http:\/\/www.olinews.it\/mt\/?p=2526"},"modified":"2020-04-28T18:51:59","modified_gmt":"2020-04-28T17:51:59","slug":"oli-407-turismo-dalle-citta-ai-set","status":"publish","type":"post","link":"https:\/\/www.olinews.it\/mt\/?p=2526","title":{"rendered":"OLI 407: TURISMO &#8211; Dalle citt\u00e0 ai set"},"content":{"rendered":"<div dir=\"ltr\" style=\"text-align: left;\">\n<div style=\"clear: both; text-align: center;\"><a href=\"https:\/\/olinews.it\/mt\/wp-content\/uploads\/2020\/04\/DSC_7860_090_2014_01_GreRitor.jpg\" style=\"clear: left; float: left; margin-bottom: 1em; margin-right: 1em;\"><img loading=\"lazy\" decoding=\"async\" border=\"0\" src=\"https:\/\/olinews.it\/mt\/wp-content\/uploads\/2020\/04\/DSC_7860_090_2014_01_GreRitor.jpg\" height=\"210\" width=\"320\" \/><\/a><\/div>\n<p>Il ricordo \u00e8 tanto antico, che non riesco pi\u00f9 nemmeno a ricostruire l\u2019anno. Di certo ero molto, ma molto pi\u00f9 giovane, quando ascoltai la previsione di Ilya Prigogine, espressa nel corso di una sua conferenza a Genova: lo scienziato aveva detto che il turismo di massa sarebbe stato uno dei fattori di trasformazione del mondo pi\u00f9 determinanti, incontrollabili e distruttivi.&nbsp;Ci ho ripensato qualche giorno fa, quando a \u2018<i>Prima Pagina<\/i>\u2019 il giornalista di turno, Pier Luigi Vercesi Direttore di <i>\u20187\u2019<\/i>, settimanale del <i>Corriere della Sera<\/i>, ha citato un <a href=\"http:\/\/www.ilfattoquotidiano.it\/2014\/05\/22\/cera-una-volta-san-gimignano-ora-il-borgo-e-spopolato-e-assediato-dai-turisti\/996406\/\" target=\"_blank\" rel=\"noopener noreferrer\">articolo di Tommaso Montanari<\/a> pubblicato il 22 maggio sul <i>Fatto Quotidiano<\/i>, in cui si diceva che: \u201cSan Gimignano ha progressivamente perso i connotati della citt\u00e0 per assomigliare sempre pi\u00f9 a una quinta cinematografica, a una Disneyland del Medioevo, con tanto di ben tre \u2018musei\u2019 della tortura &#8230;\u201d e parla dei paurosi prezzi delle case, della riduzione e omologazione delle professioni possibili, del bassissimo livello di un turismo da mezza giornata. Tutto, dice, \u00e8 per i turisti, che come se fosse un turno di lavoro, \u2018spazzano la citt\u00e0 dalle 11 del mattino alle 18 di sera&#8217;.<\/p>\n<div style=\"clear: both; text-align: center;\"><a href=\"https:\/\/olinews.it\/mt\/wp-content\/uploads\/2020\/04\/DSC_7864_092_2014_01_GreRitor.jpg\" style=\"clear: right; float: right; margin-bottom: 1em; margin-left: 1em;\"><img loading=\"lazy\" decoding=\"async\" border=\"0\" src=\"https:\/\/olinews.it\/mt\/wp-content\/uploads\/2020\/04\/DSC_7864_092_2014_01_GreRitor.jpg\" height=\"400\" width=\"263\" \/><\/a><\/div>\n<p>Ma poi non \u00e8 che la citt\u00e0 venga restituita ai suoi abitanti, perch\u00e9 i due terzi di loro ormai sono fuggiti, e quando i turisti se ne vanno \u2018la citt\u00e0 non c\u2019\u00e8 pi\u00f9\u2019.<br \/>Ho avuto il privilegio di visitare per la prima volta San Gimignano nel 1962; avevo sedici anni e l\u2019emozione provata allora \u00e8 stata tanto intensa da essere rimasta intatta nella memoria. Poi c\u2019ero tornata in anni recenti, e lo shock era stato terribile: fuga immediata. Quest\u2019anno, a gennaio, di ritorno da un viaggio, mi ci sono fermata una notte. Sulle prime l\u2019illusione di avere ritrovato una magia nelle strade invernali e deserte, poi, molto rapidamente, la presa d\u2019atto che la cittadina era davvero morta, scomparsa, annullata. Non solo era evidente che non ci abita quasi pi\u00f9 nessuno, ma anche l\u2019assenza di ogni imperfezione nel selciato delle strade, nelle facciate delle case, in ogni dettaglio urbano denunciava che non si era nella vita ma su un set.<br \/>Che Genova resti un po\u2019 disordinata e un po\u2019 sporca, e che i turisti arrivino, va bene, ma non pi\u00f9 di tanti. Che non ci portino via l\u2019anima e la vita. <b>(<i>Paola Pierantoni \u2013 <\/i>fotografie dell\u2019autrice) <\/b><\/div>\n","protected":false},"excerpt":{"rendered":"<p>Il ricordo \u00e8 tanto antico, che non riesco pi\u00f9 nemmeno a ricostruire l\u2019anno. Di certo ero molto, ma molto pi\u00f9 giovane, quando ascoltai la previsione di Ilya Prigogine, espressa nel corso di una sua conferenza a Genova: lo scienziato aveva detto che il turismo di massa sarebbe stato uno dei fattori di trasformazione del mondo [&hellip;]<\/p>\n","protected":false},"author":1,"featured_media":0,"comment_status":"closed","ping_status":"closed","sticky":false,"template":"","format":"standard","meta":{"footnotes":""},"categories":[842,840,824,345,839,841,838,843,548],"tags":[],"class_list":["post-2526","post","type-post","status-publish","format-standard","hentry","category-il-fatto-quotidiano","category-ilya-prigogine","category-oli-407","category-paola-pierantoni","category-prima-pagina","category-radio3","category-san-gimignano","category-tommaso-montanari","category-turismo"],"_links":{"self":[{"href":"https:\/\/www.olinews.it\/mt\/index.php?rest_route=\/wp\/v2\/posts\/2526","targetHints":{"allow":["GET"]}}],"collection":[{"href":"https:\/\/www.olinews.it\/mt\/index.php?rest_route=\/wp\/v2\/posts"}],"about":[{"href":"https:\/\/www.olinews.it\/mt\/index.php?rest_route=\/wp\/v2\/types\/post"}],"author":[{"embeddable":true,"href":"https:\/\/www.olinews.it\/mt\/index.php?rest_route=\/wp\/v2\/users\/1"}],"replies":[{"embeddable":true,"href":"https:\/\/www.olinews.it\/mt\/index.php?rest_route=%2Fwp%2Fv2%2Fcomments&post=2526"}],"version-history":[{"count":1,"href":"https:\/\/www.olinews.it\/mt\/index.php?rest_route=\/wp\/v2\/posts\/2526\/revisions"}],"predecessor-version":[{"id":4628,"href":"https:\/\/www.olinews.it\/mt\/index.php?rest_route=\/wp\/v2\/posts\/2526\/revisions\/4628"}],"wp:attachment":[{"href":"https:\/\/www.olinews.it\/mt\/index.php?rest_route=%2Fwp%2Fv2%2Fmedia&parent=2526"}],"wp:term":[{"taxonomy":"category","embeddable":true,"href":"https:\/\/www.olinews.it\/mt\/index.php?rest_route=%2Fwp%2Fv2%2Fcategories&post=2526"},{"taxonomy":"post_tag","embeddable":true,"href":"https:\/\/www.olinews.it\/mt\/index.php?rest_route=%2Fwp%2Fv2%2Ftags&post=2526"}],"curies":[{"name":"wp","href":"https:\/\/api.w.org\/{rel}","templated":true}]}}