{"id":2547,"date":"2014-04-18T17:57:00","date_gmt":"2014-04-18T16:57:00","guid":{"rendered":"http:\/\/www.olinews.it\/mt\/?p=2547"},"modified":"2020-04-28T18:52:00","modified_gmt":"2020-04-28T17:52:00","slug":"oli-404-cultura-cantare-che-passione","status":"publish","type":"post","link":"https:\/\/www.olinews.it\/mt\/?p=2547","title":{"rendered":"OLI 404: CULTURA &#8211; Cantare, che passione!"},"content":{"rendered":"<div dir=\"ltr\" style=\"text-align: left;\">\n<div dir=\"ltr\" style=\"text-align: left;\">\n<div style=\"clear: both; text-align: center;\"><a href=\"https:\/\/olinews.it\/mt\/wp-content\/uploads\/2020\/04\/rid_rid_2014_04_PassioniDSC_8740_2702014_04_PassioniDSC_8740_270.jpg\" style=\"clear: left; float: left; margin-bottom: 1em; margin-right: 1em;\"><img loading=\"lazy\" decoding=\"async\" border=\"0\" src=\"https:\/\/olinews.it\/mt\/wp-content\/uploads\/2020\/04\/rid_rid_2014_04_PassioniDSC_8740_2702014_04_PassioniDSC_8740_270.jpg\" height=\"320\" width=\"400\" \/><\/a><\/div>\n<p>A chi nei mesi scorsi fosse passato in Vico Papa, sotto Via della Maddalena (vedi <a href=\"http:\/\/www.olinews.info\/2013\/02\/oli-365-citta-il-miracolo-di-vico-papa.html\" target=\"_blank\" rel=\"noopener noreferrer\">OLI 365<\/a>), poteva capitare di ascoltare musiche inconsuete: erano le prove del gruppo vocale \u2018Le vie del Canto\u2019, nato nel 2006 e specializzato da anni in musica popolare, canti partigiani e di lotta. Ma questa volta il repertorio era del tutto differente:  canti popolari della settimana santa, provenienti da tutta Italia, da Ceriana in Liguria a Diamante in Calabria, passando per Sessa Aurunca in Campania.<br \/>Da tempo non cantavo in un coro,  ma la passione che anima questo gruppo e la bellezza dei canti mi hanno affascinato e mi sono fatto coinvolgere.  Dopo le prove, il concerto col titolo \u201cE la Madonna si miss\u00f2 \u2018n cammine\u201d, che si \u00e8 tenuto l\u201911 aprile all\u2019Oratorio SS. Nazario e Celso di Genova Sturla.<br \/>Come recitava il programma di sala, questi canti, che siano sardi, salentini, grichi, calabresi, usano modalit\u00e0 narrative che risalgono alle Sacre Rappresentazioni di epoca medioevale. I riti della settimana Santa sono ancor oggi tramandati, spesso grazie alle Confraternite, per la loro forza poetica e per l\u2019originalit\u00e0 della loro forma espressiva.<br \/>Non \u00e8 necessario essere credenti per apprezzare la spiritualit\u00e0 di questi canti, dove protagonista \u00e8 il dolore straziante di una madre che si aggira dolente in cerca del figlio. Chiunque sia il figlio. Chiunque sia la madre.<br \/>Alla galleria d\u2019immagini di Paola Pierantoni abbiamo associato il canto \u201cAll\u2019arie, all\u2019arie\u201d di Pisticci (Matera)<br \/><b>(<i>Ivo Ruello<\/i>)<\/b><\/div>\n<div style=\"text-align: center;\"><iframe loading=\"lazy\" allowfullscreen=\"\" frameborder=\"0\" height=\"480\" src=\"\/\/www.youtube.com\/embed\/bba3k0IRX5U?rel=0\" width=\"640\"><\/iframe><\/div>\n<\/div>\n","protected":false},"excerpt":{"rendered":"<p>A chi nei mesi scorsi fosse passato in Vico Papa, sotto Via della Maddalena (vedi OLI 365), poteva capitare di ascoltare musiche inconsuete: erano le prove del gruppo vocale \u2018Le vie del Canto\u2019, nato nel 2006 e specializzato da anni in musica popolare, canti partigiani e di lotta. Ma questa volta il repertorio era del [&hellip;]<\/p>\n","protected":false},"author":1,"featured_media":0,"comment_status":"closed","ping_status":"closed","sticky":false,"template":"","format":"standard","meta":{"footnotes":""},"categories":[16,348,880,882,873,345,463,881],"tags":[],"class_list":["post-2547","post","type-post","status-publish","format-standard","hentry","category-cultura","category-ivo-ruello","category-le-vie-del-canto","category-musica-popolare","category-oli-404","category-paola-pierantoni","category-pasqua","category-settimana-santa"],"_links":{"self":[{"href":"https:\/\/www.olinews.it\/mt\/index.php?rest_route=\/wp\/v2\/posts\/2547","targetHints":{"allow":["GET"]}}],"collection":[{"href":"https:\/\/www.olinews.it\/mt\/index.php?rest_route=\/wp\/v2\/posts"}],"about":[{"href":"https:\/\/www.olinews.it\/mt\/index.php?rest_route=\/wp\/v2\/types\/post"}],"author":[{"embeddable":true,"href":"https:\/\/www.olinews.it\/mt\/index.php?rest_route=\/wp\/v2\/users\/1"}],"replies":[{"embeddable":true,"href":"https:\/\/www.olinews.it\/mt\/index.php?rest_route=%2Fwp%2Fv2%2Fcomments&post=2547"}],"version-history":[{"count":1,"href":"https:\/\/www.olinews.it\/mt\/index.php?rest_route=\/wp\/v2\/posts\/2547\/revisions"}],"predecessor-version":[{"id":4697,"href":"https:\/\/www.olinews.it\/mt\/index.php?rest_route=\/wp\/v2\/posts\/2547\/revisions\/4697"}],"wp:attachment":[{"href":"https:\/\/www.olinews.it\/mt\/index.php?rest_route=%2Fwp%2Fv2%2Fmedia&parent=2547"}],"wp:term":[{"taxonomy":"category","embeddable":true,"href":"https:\/\/www.olinews.it\/mt\/index.php?rest_route=%2Fwp%2Fv2%2Fcategories&post=2547"},{"taxonomy":"post_tag","embeddable":true,"href":"https:\/\/www.olinews.it\/mt\/index.php?rest_route=%2Fwp%2Fv2%2Ftags&post=2547"}],"curies":[{"name":"wp","href":"https:\/\/api.w.org\/{rel}","templated":true}]}}