{"id":2650,"date":"2013-11-21T19:45:00","date_gmt":"2013-11-21T18:45:00","guid":{"rendered":"http:\/\/www.olinews.it\/mt\/?p=2650"},"modified":"2020-04-28T19:22:05","modified_gmt":"2020-04-28T18:22:05","slug":"oli-391-citta-puc-regione-e-autorimesse-amt","status":"publish","type":"post","link":"https:\/\/www.olinews.it\/mt\/?p=2650","title":{"rendered":"OLI 391: CITTA\u2019 &#8211; Puc, Regione e autorimesse AMT"},"content":{"rendered":"<div dir=\"ltr\" style=\"text-align: left;\">\n<div style=\"clear: both; text-align: center;\"><a href=\"http:\/\/3.bp.blogspot.com\/-hOul73_DvBs\/Uo8T_J6dqFI\/AAAAAAAAAms\/3GWOoL46jiM\/s1600\/Scan0004.jpg\" style=\"clear: left; float: left; margin-bottom: 1em; margin-right: 1em;\"><img loading=\"lazy\" decoding=\"async\" border=\"0\" height=\"290\" src=\"https:\/\/olinews.it\/mt\/wp-content\/uploads\/2020\/04\/Scan0004.jpg\" width=\"400\" \/><\/a><\/div>\n<p>Dunque va bene o non va bene quanto hanno deciso gli Uffici Comunali riguardo le Osservazioni della Regione in materia Ambientale? Un bel parere secco e se ti va un bel malloppo da leggere, quasi duecento pagine di verbali, tabelle, recepimenti, inviati ai Municipi per approvare un qualcosa che neanche in consiglio comunale hanno ancora visto.<br \/>Tra le pagine di quegli stizziti verbali si \u00e8 consumata invece una bella lotta tra Enti per decidere il futuro assetto edilizio della citt\u00e0 con abitanti in calo irreversibile, costruire o non costruire nei famigerati Distretti di trasformazione, ovvero nelle aree dismesse di fabbriche, vallette verdi, autorimesse, quante residenze, quanti centri commerciali, quanti parcheggi \u00e8 permesso fare. In un raptus di fine mandato la Regione ha sparato una serie di diktat ambientali, che ha entusiasmato ambientalisti e spiazzato la controparte, sentenziando osservazioni <i>non meramente indicative<\/i> come di solito avviene, ma le ha blindate a <i>\u201cprescrittive\u201d<\/i> , nel senso che \u00e8 obbligo   vadano recepite: la Vas, Valutazione ambientale strategica.<br \/>Una spallata da ente <i>sovraordinato<\/i>, cio\u00e8 da chi conta di pi\u00f9, sta pi\u00f9 in alto nella scaletta   d\u2019importanza. Un bel destro per gli Uffici, nel frattempo passati direttamente dal via con il   nuovo sindaco come nel gioco dell\u2019oca, tornando a fidata gestione Pd, Fds, Ds, ante Vincenzi,   un\u2019ambientalista pura al confronto.<br \/>Si scopre cos\u00ec dai verbali che il Comune <i>\u201cevidenzia come non sia possibile destinare   sistematicamente le aree esondabili a verde,<\/i> (ndr. come richiesto dalla Regione nelle sue   Osservazioni) <i>in quanto si tratta nella maggior parte dei casi di aree gi\u00e0 insediate o sulle quali   pesano interessi anche pubblici notevoli e -conseguenti affidamenti- , come la rimessa AMT   della Foce ..sar\u00e0 necessario esplicitare che alcune previsioni di grande trasformazione di PUC,   ad esempio Corso Sardegna e Via Maddaloni,<\/i> (ndr. dove c\u2019\u00e8 la rimessa Foce Amt ), <i>per ragioni   giuridiche<\/i> (\u2026!!) <i>non possano che essere confermate, ovviamente evidenziando in norma \u2026 il   raggiungimento di adeguate condizioni di sicurezza idraulica, come previsto dal Piano di Bacino..\u201d<\/i>   (ndr., Il Piano di Bacino, per dirla semplice, stabilisce come e quanto \u00e8 sicura una zona rispetto   ad un fiume)..<i>\u201devidenzia il Comune che sta approvando il progetto definitivo dello scolmatore del   Ferreggiano-Noce-Rovare (\u2026<\/i>) <i>L\u2019intervento comporter\u00e0 una revisione delle zone rosse nel Piano di   bacino del Bisagno.\u201d<\/i><br \/>Quindi anche se <i>\u201cLa Regione, evidenzia la necessit\u00e0 di individuare i distretti in contrasto con le   norme di Piano di Bacino\u2026 \u201c<\/i>, il Comune non arretra, vuole lasciare a residenze, commercio,   parcheggi magari interrati, &nbsp;pi\u00f9 di quattromila metri quadrati dell\u2019autorimessa della Foce. Un\u2019ipotesi   remota si dir\u00e0, visto che la Foce \u00e8 l\u2019unica autorimessa rimasta nel Levante, quella di Boccadasse   gi\u00e0 venduta, al suo posto un palazzone ed \u00e8 tramontato il progetto di ricoverare i bus allo stadio   Carlini.<br \/>Per ripianare Amt se pare corretto mettere in campo i gioielli immobiliari, posti in luoghi di pregio,   altro discorso \u00e8 il non arretrare rispetto ad una riqualificazione in area rossa cio\u00e8 esondabile,   ipotizzando che prima o poi con i lavori ancora da farsi sullo scolmatore Fereggiano, la Foce zona   rossa non sar\u00e0 pi\u00f9. Portandosi dietro a cascata progetti in soffitta di park interrati nei dintorni,   come Caravelle e via Casaregis.<br \/>Intanto gi\u00e0 si sa come sono finiti i soldi della rimessa Boccadasse: in un\u2019altra societ\u00e0, una bad   company per presentare un\u2018Amt sana al socio francese, che nel frattempo s\u2019\u00e8 volatilizzato,   riprendendosi il suo capitale tutto intero. Di sicuro Amt fu societ\u00e0 giuridicamente inadempiente,   ma il Comune fece proprio un bell\u2019affare: soldi e immobili spariti e debiti rimasti.<br \/><b>(<i>Bianca Vergati<\/i>) <\/b><\/div>\n","protected":false},"excerpt":{"rendered":"<p>Dunque va bene o non va bene quanto hanno deciso gli Uffici Comunali riguardo le Osservazioni della Regione in materia Ambientale? Un bel parere secco e se ti va un bel malloppo da leggere, quasi duecento pagine di verbali, tabelle, recepimenti, inviati ai Municipi per approvare un qualcosa che neanche in consiglio comunale hanno ancora [&hellip;]<\/p>\n","protected":false},"author":1,"featured_media":0,"comment_status":"closed","ping_status":"closed","sticky":false,"template":"","format":"standard","meta":{"footnotes":""},"categories":[294,20,390,1099,536,359],"tags":[],"class_list":["post-2650","post","type-post","status-publish","format-standard","hentry","category-bianca-vergati","category-citta","category-comune-di-genova","category-oli-391","category-puc","category-regione-liguria"],"_links":{"self":[{"href":"https:\/\/www.olinews.it\/mt\/index.php?rest_route=\/wp\/v2\/posts\/2650","targetHints":{"allow":["GET"]}}],"collection":[{"href":"https:\/\/www.olinews.it\/mt\/index.php?rest_route=\/wp\/v2\/posts"}],"about":[{"href":"https:\/\/www.olinews.it\/mt\/index.php?rest_route=\/wp\/v2\/types\/post"}],"author":[{"embeddable":true,"href":"https:\/\/www.olinews.it\/mt\/index.php?rest_route=\/wp\/v2\/users\/1"}],"replies":[{"embeddable":true,"href":"https:\/\/www.olinews.it\/mt\/index.php?rest_route=%2Fwp%2Fv2%2Fcomments&post=2650"}],"version-history":[{"count":2,"href":"https:\/\/www.olinews.it\/mt\/index.php?rest_route=\/wp\/v2\/posts\/2650\/revisions"}],"predecessor-version":[{"id":4969,"href":"https:\/\/www.olinews.it\/mt\/index.php?rest_route=\/wp\/v2\/posts\/2650\/revisions\/4969"}],"wp:attachment":[{"href":"https:\/\/www.olinews.it\/mt\/index.php?rest_route=%2Fwp%2Fv2%2Fmedia&parent=2650"}],"wp:term":[{"taxonomy":"category","embeddable":true,"href":"https:\/\/www.olinews.it\/mt\/index.php?rest_route=%2Fwp%2Fv2%2Fcategories&post=2650"},{"taxonomy":"post_tag","embeddable":true,"href":"https:\/\/www.olinews.it\/mt\/index.php?rest_route=%2Fwp%2Fv2%2Ftags&post=2650"}],"curies":[{"name":"wp","href":"https:\/\/api.w.org\/{rel}","templated":true}]}}