{"id":2694,"date":"2013-10-17T14:50:00","date_gmt":"2013-10-17T13:50:00","guid":{"rendered":"http:\/\/www.olinews.it\/mt\/?p=2694"},"modified":"2020-04-28T19:25:32","modified_gmt":"2020-04-28T18:25:32","slug":"oli-386-immigrazione-il-sogno-americano-sara-mai-italiano","status":"publish","type":"post","link":"https:\/\/www.olinews.it\/mt\/?p=2694","title":{"rendered":"OLI 386: IMMIGRAZIONE &#8211; Il sogno americano sar\u00e0 mai italiano?"},"content":{"rendered":"<div dir=\"ltr\" style=\"text-align: left;\">\n<div>\n<div style=\"clear: both; text-align: center;\"><a href=\"http:\/\/4.bp.blogspot.com\/-x3mz0ovw1h0\/Ul7qBD2MsOI\/AAAAAAAADKk\/nei3MxCRlRc\/s1600\/stelle+strisce.JPG\" style=\"clear: left; float: left; margin-bottom: 1em; margin-right: 1em;\"><img loading=\"lazy\" decoding=\"async\" border=\"0\" height=\"240\" src=\"https:\/\/olinews.it\/mt\/wp-content\/uploads\/2020\/04\/stellestrisce.jpg\" width=\"320\" \/><\/a><\/div>\n<p><span style=\"font-size: 12pt;\"><i>\u201cRachid il laureato\u201d<\/i>, titolava cos\u00ec pochi giorni fa <i>Repubblica<\/i> e i Tg hanno dedicato gioiosi servizi alla storia del giovane marocchino, 26 anni, arrivato quattordici anni fa con i fratelli e laureatosi al Politecnico di Torino, vendendo accendini e fazzoletti. I compagni stralunavano ad incontrarlo fuori dalle aule, ma poi \u00e8 diventato uno di loro, la giovent\u00f9 non \u00e8 cos\u00ec classista.<\/span><\/div>\n<div><span style=\"font-size: 12.0pt;\">Un vanto per la nostra Universit\u00e0, frequentata da 66 mila stranieri, di cui 52 mila extracomunitari, un bel traguardo per il ragazzo immigrato e anche per il Bel Paese perch\u00e9 significano nuova linfa, nuovi talenti, che diventeranno parte della nostra societ\u00e0, cos\u00ec vecchia e cos\u00ec giovanilmente <i>\u201cignorante\u201d<\/i>per competenze alfabetiche, secondo l\u2019Ocse in coda ai Paesi occidentalizzati.<o:p><\/o:p><\/span><\/div>\n<div><span style=\"font-size: 12.0pt;\"><i>Il Sole 24 ore<\/i>, nel suo inserto di Economia e Societ\u00e0 del 29 settembre, pochi giorni prima di Lampedusa, dedicava una pagina &nbsp;\u201c<i>all\u2019immigrazione che fa profitti<\/i>\u201d, gli immigrati sono anche produttori e consumatori. Provocatorio e un po\u2019 \u201cleghista\u201d, &nbsp;l\u2019articolo analizzava invece pacatamente il saggio di Alvaro Vargas Llosa \u201c<i>Global Crossing:<\/i><i>immigration, civilization<\/i>, <i>and America\u201d<\/i>: riguardo l\u2019immigrazione non c\u2019\u00e8 nulla di nuovo e<i> <\/i>nulla da temere, si sottolineava, se non i luoghi comuni.<o:p><\/o:p><\/span><\/div>\n<div><span style=\"font-size: 12.0pt;\">Oggi l\u2019immigrazione internazionale pesa per il 3% della popolazione mondiale e la questione islamica ne riguarda una percentuale modesta, &nbsp;mentre l\u2019argomento migliore su cui giocano i \u201cchiusisti\u201d \u00e8 l\u2019idea che la ricchezza, ovvero l\u2019occupazione, sia una torta da fare a fette, ogni lavoro ad un immigrato sottrae pane ad un lavoratore autoctono. Ma, rileva l\u2019autore, se cos\u00ec fosse, come mai negli Usa dal 1950 fino alla crisi del 2008, quando si \u00e8 triplicata la forza-lavoro composta pure da tanti &nbsp;immigrati, non si era mai registrato alcun aumento a lungo periodo nel tasso di disoccupazione?<o:p><\/o:p><\/span><\/div>\n<div><span style=\"font-size: 12.0pt;\">Si dir\u00e0 poi che gli immigrati competono in prevalenza per lavori a bassa specializzazione, vanno a danneggiare una categoria di lavoratori fra i pi\u00f9 deboli; ma sostiene Vargas, \u201c<i>gli immigrati hanno quasi per definizione spirito imprenditoriale<\/i>\u201d: un sesto delle start up&nbsp; statunitensi \u00e8 sorto per iniziativa di un americano di prima generazione. Cita esempi illustri, come Sergey Brin di Google, che lasci\u00f2 la Russia da bambino, Pierre Omidyar, fondatore di Ebay, figlio di immigrati iraniani, Jerry Jang, di Yahoo, arrivato da Taiwan.<o:p><\/o:p><\/span><\/div>\n<div><span style=\"font-size: 12.0pt;\">Nel nostro Paese una larghissima maggioranza di nuovi imprenditori sono stranieri, anche sotto casa vediamo tanti negozi di frutta e verdura un tempo spariti e ora riaperti da immigrati, che cercano una chance di vita dignitosa, aiutano la nostra economia. Eppure in Italia ci vogliono fino a ventiquattro mesi per ottenere lo <i>stato di rifugiato,<\/i> e<i> <\/i>aridi, realistici conti rilevano che un rifugiato costa trenta euro rispetto ai centosedici di un detenuto.<o:p><\/o:p><\/span><\/div>\n<div><span style=\"font-size: 12.0pt;\">Curiosamente, nell\u2019Europa, che pure considera <i>la libert\u00e0 di movimento<\/i> uno dei suoi pilastri, solo un europeo su dieci \u00e8 nato da genitori stranieri: al di l\u00e0 della <i>pietas <\/i>per il cimitero del mare, forse siamo noi del civile Antico Continente i veri <\/span><span style=\"font-size: 16px;\">\u201c<\/span><span style=\"font-size: 12pt;\">chiusisti<\/span><span style=\"font-size: 16px;\">\u201d<\/span><span style=\"font-size: 12pt;\">.<\/span><br \/><span style=\"font-size: 12.0pt;\"><b>(<i>Bianca Vergati &#8211; <\/i>foto di Giovanna Profumo)<\/b><\/span><\/div>\n<p><\/p>\n<div><\/div>\n<\/div>\n","protected":false},"excerpt":{"rendered":"<p>\u201cRachid il laureato\u201d, titolava cos\u00ec pochi giorni fa Repubblica e i Tg hanno dedicato gioiosi servizi alla storia del giovane marocchino, 26 anni, arrivato quattordici anni fa con i fratelli e laureatosi al Politecnico di Torino, vendendo accendini e fazzoletti. I compagni stralunavano ad incontrarlo fuori dalle aule, ma poi \u00e8 diventato uno di loro, [&hellip;]<\/p>\n","protected":false},"author":1,"featured_media":0,"comment_status":"closed","ping_status":"closed","sticky":false,"template":"","format":"standard","meta":{"footnotes":""},"categories":[1192,294,785,7,1190,767],"tags":[],"class_list":["post-2694","post","type-post","status-publish","format-standard","hentry","category-alvaro-vargas-llosa","category-bianca-vergati","category-giovani","category-immigrazione","category-oli-386","category-universita"],"_links":{"self":[{"href":"https:\/\/www.olinews.it\/mt\/index.php?rest_route=\/wp\/v2\/posts\/2694","targetHints":{"allow":["GET"]}}],"collection":[{"href":"https:\/\/www.olinews.it\/mt\/index.php?rest_route=\/wp\/v2\/posts"}],"about":[{"href":"https:\/\/www.olinews.it\/mt\/index.php?rest_route=\/wp\/v2\/types\/post"}],"author":[{"embeddable":true,"href":"https:\/\/www.olinews.it\/mt\/index.php?rest_route=\/wp\/v2\/users\/1"}],"replies":[{"embeddable":true,"href":"https:\/\/www.olinews.it\/mt\/index.php?rest_route=%2Fwp%2Fv2%2Fcomments&post=2694"}],"version-history":[{"count":1,"href":"https:\/\/www.olinews.it\/mt\/index.php?rest_route=\/wp\/v2\/posts\/2694\/revisions"}],"predecessor-version":[{"id":5070,"href":"https:\/\/www.olinews.it\/mt\/index.php?rest_route=\/wp\/v2\/posts\/2694\/revisions\/5070"}],"wp:attachment":[{"href":"https:\/\/www.olinews.it\/mt\/index.php?rest_route=%2Fwp%2Fv2%2Fmedia&parent=2694"}],"wp:term":[{"taxonomy":"category","embeddable":true,"href":"https:\/\/www.olinews.it\/mt\/index.php?rest_route=%2Fwp%2Fv2%2Fcategories&post=2694"},{"taxonomy":"post_tag","embeddable":true,"href":"https:\/\/www.olinews.it\/mt\/index.php?rest_route=%2Fwp%2Fv2%2Ftags&post=2694"}],"curies":[{"name":"wp","href":"https:\/\/api.w.org\/{rel}","templated":true}]}}