{"id":2833,"date":"2013-03-28T19:00:00","date_gmt":"2013-03-28T18:00:00","guid":{"rendered":"http:\/\/www.olinews.it\/mt\/?p=2833"},"modified":"2020-04-28T19:31:23","modified_gmt":"2020-04-28T18:31:23","slug":"oli-371-ilva-francesca-a-cornigliano-per-raccontare-taranto","status":"publish","type":"post","link":"https:\/\/www.olinews.it\/mt\/?p=2833","title":{"rendered":"OLI 371 &#8211; ILVA: Francesca a Cornigliano per raccontare Taranto"},"content":{"rendered":"<div dir=\"ltr\" style=\"text-align: left;\">\n<div style=\"clear: both; text-align: center;\"><a href=\"http:\/\/4.bp.blogspot.com\/-ZNjTdTj52U4\/UVRs0XJroQI\/AAAAAAAACss\/t5SyKo8ahyc\/s1600\/DSCN5891.JPG\" style=\"clear: left; float: left; margin-bottom: 1em; margin-right: 1em;\"><img loading=\"lazy\" decoding=\"async\" border=\"0\" height=\"240\" src=\"https:\/\/olinews.it\/mt\/wp-content\/uploads\/2020\/04\/DSCN5891.jpg\" width=\"320\" \/><\/a><\/div>\n<p>Il 22 marzo ha preso un aereo ed \u00e8 venuta a Cornigliano per raccontare di suo marito e dell\u2019ILVA. Francesca pare abituata a fare questa cosa in solitudine. Ma la sua \u00e8 una faccenda di coppia. Francesca \u00e8 una vedova di guerra.  Perch\u00e9 a Taranto, da anni ormai, si combatte una guerra con due eserciti, due fronti e molte vittime. Una battaglia prima silenziosa e sotterranea che ha raggiunto visibilit\u00e0 ed impatto nazionale solo quando, un anno fa, la procura di Taranto ha aperto un indagine sull&#8217;inquinamento del <i>siderurgico <\/i>che ne minacciava la chiusura.<br \/>Il marito di Francesca si chiamava Antonio Mingolla, era dipendente di una ditta di appalto. E\u2019 morto il 18 aprile 2006, intossicato dal gas con il quale aveva a che fare. Solo a dicembre 2012 la sentenza del tribunale ha stabilito che Antonio \u00e8 morto perch\u00e9 non sufficientemente informato e formato in materia di sicurezza sul lavoro. Nella sentenza la parola &#8220;omicidio colposo&#8221; definisce i termini della tragedia.<br \/>Francesca Caliolo racconta la sua storia e quella di molti tarantini. L\u2019Ilva \u00e8 lo zaino che si porta sulle spalle con le morti sul lavoro, la difesa della sicurezza e la denuncia dell\u2019impatto ambientale del siderurgico sulla citt\u00e0. Lei in questa guerra \u00e8 stata schierata dalla vita, contro quelle morti definite cinicamente fisiologiche in base alle migliaia di posti di lavoro garantite dallo stabilimento.<br \/>Al Centro Civico di Cornigliano per la proiezione del docufilm \u201cLa svolta, donne contro l\u2019ILVA\u201d e all\u2019incontro a seguire con Francesca  si potevano contare prima una ventina, poi meno di dieci persone. Lo sciopero degli autobus pu\u00f2 aver causato solo in parte la desolazione di una sala cos\u00ec vuota. Soprattutto perch\u00e9 Cornigliano \u00e8 stata ed \u00e8 ILVA. Se lo stabilimento scende in piazza il quartiere si avvita e la produzione di Genova \u00e8 legata a quella di Taranto come un bambino al grembo della madre. <br \/>All\u2019incontro del 22 marzo l\u2019azienda, invitata a partecipare, ha mandato un suo funzionario che, cercando prima parole di comprensione per Francesca, ha ripetuto quello che ILVA ripete da mesi: non siamo i soli ad inquinare a Taranto. Non stupisce che sia stato massacrato anche dai pochi che erano in sala.<br \/>Assenti &#8211; con l&#8217;eccezione di chi scrive &#8211; i sindacati metalmeccanici genovesi. Gran parte di loro ritiene che non partecipare a queste iniziative eviti l\u2019acuirsi dello scontro. Sono spesso gli stessi che hanno mostrato forte disappunto per la protesta del Comitato Liberi e Pensanti durante la manifestazione di agosto a Taranto e che si stupiscono del successo di Beppe Grillo alle elezioni.<br \/>In aprile l\u2019agenda siderurgica tarantina offre le seguenti scadenze che inesorabilmente riguarderanno Genova:<br \/>7 aprile manifestazione nazionale contro la legge definita Salva Ilva<br \/>9 aprile pronunciamento della Corte Costituzionale sulla legge<br \/>14 aprile referendum consultivo sulla chiusura parziale o totale dell\u2019Ilva<br \/>La siderurgia tarantina, ad oggi, garantisce salario a circa 14mila persone pi\u00f9 l\u2019indotto.<br \/>L\u2019incontro tra difesa della salute e difesa del lavoro non pu\u00f2 prescindere da Francesca e dalla sua testimonianza.<br \/><b>(<i>Giovanna Profumo<\/i> &#8211; immagine dell&#8217;autrice)<\/b><\/div>\n","protected":false},"excerpt":{"rendered":"<p>Il 22 marzo ha preso un aereo ed \u00e8 venuta a Cornigliano per raccontare di suo marito e dell\u2019ILVA. Francesca pare abituata a fare questa cosa in solitudine. Ma la sua \u00e8 una faccenda di coppia. Francesca \u00e8 una vedova di guerra. Perch\u00e9 a Taranto, da anni ormai, si combatte una guerra con due eserciti, [&hellip;]<\/p>\n","protected":false},"author":1,"featured_media":0,"comment_status":"closed","ping_status":"closed","sticky":false,"template":"","format":"standard","meta":{"footnotes":""},"categories":[22,1437,304,515,1436,931,1429,607],"tags":[],"class_list":["post-2833","post","type-post","status-publish","format-standard","hentry","category-ambiente","category-francesca-caliolo","category-giovanna-profumo","category-ilva","category-legge-salva-ilva","category-morti-sul-lavoro","category-oli-372","category-taranto"],"_links":{"self":[{"href":"https:\/\/www.olinews.it\/mt\/index.php?rest_route=\/wp\/v2\/posts\/2833","targetHints":{"allow":["GET"]}}],"collection":[{"href":"https:\/\/www.olinews.it\/mt\/index.php?rest_route=\/wp\/v2\/posts"}],"about":[{"href":"https:\/\/www.olinews.it\/mt\/index.php?rest_route=\/wp\/v2\/types\/post"}],"author":[{"embeddable":true,"href":"https:\/\/www.olinews.it\/mt\/index.php?rest_route=\/wp\/v2\/users\/1"}],"replies":[{"embeddable":true,"href":"https:\/\/www.olinews.it\/mt\/index.php?rest_route=%2Fwp%2Fv2%2Fcomments&post=2833"}],"version-history":[{"count":1,"href":"https:\/\/www.olinews.it\/mt\/index.php?rest_route=\/wp\/v2\/posts\/2833\/revisions"}],"predecessor-version":[{"id":5350,"href":"https:\/\/www.olinews.it\/mt\/index.php?rest_route=\/wp\/v2\/posts\/2833\/revisions\/5350"}],"wp:attachment":[{"href":"https:\/\/www.olinews.it\/mt\/index.php?rest_route=%2Fwp%2Fv2%2Fmedia&parent=2833"}],"wp:term":[{"taxonomy":"category","embeddable":true,"href":"https:\/\/www.olinews.it\/mt\/index.php?rest_route=%2Fwp%2Fv2%2Fcategories&post=2833"},{"taxonomy":"post_tag","embeddable":true,"href":"https:\/\/www.olinews.it\/mt\/index.php?rest_route=%2Fwp%2Fv2%2Ftags&post=2833"}],"curies":[{"name":"wp","href":"https:\/\/api.w.org\/{rel}","templated":true}]}}