{"id":2843,"date":"2013-03-21T17:55:00","date_gmt":"2013-03-21T16:55:00","guid":{"rendered":"http:\/\/www.olinews.it\/mt\/?p=2843"},"modified":"2020-04-28T19:31:31","modified_gmt":"2020-04-28T18:31:31","slug":"oli-370-immigrazione-27-anni-a-genova-in-meno-di-500-battute","status":"publish","type":"post","link":"https:\/\/www.olinews.it\/mt\/?p=2843","title":{"rendered":"OLI 370: IMMIGRAZIONE &#8211; 27 anni a Genova in meno di 500 battute"},"content":{"rendered":"<div dir=\"ltr\" style=\"text-align: left;\">\n<table cellpadding=\"0\" cellspacing=\"0\" style=\"float: left; margin-right: 1em; text-align: left;\">\n<tbody>\n<tr>\n<td style=\"text-align: center;\"><a href=\"http:\/\/1.bp.blogspot.com\/-ZAUH6kVIlPc\/UUqu3UdvxGI\/AAAAAAAACrg\/mquD74-WQes\/s1600\/farfalla-gialla.jpg\" style=\"clear: left; margin-bottom: 1em; margin-left: auto; margin-right: auto;\"><img loading=\"lazy\" decoding=\"async\" border=\"0\" height=\"320\" src=\"https:\/\/olinews.it\/mt\/wp-content\/uploads\/2020\/04\/farfalla-gialla.jpg\" width=\"270\" \/><\/a><\/td>\n<\/tr>\n<tr>\n<td style=\"text-align: center;\">immagine da internet<\/td>\n<\/tr>\n<\/tbody>\n<\/table>\n<p>Alcune notizie degli ultimi giorni invitano ad allargare l\u2019orizzonte geografico dell\u2019informazione: una, a scala nazionale, \u00e8 la nomina di Laura Boldrini come presidente della Camera. La giornalista \u00e8 stata fino al 2012 portavoce dell\u2019Alto commissariato delle Nazioni Unite per i rifugiati: sono passate di sovente, negli ultimi giorni, le immagini delle sue missioni in varie parti del mondo, tra cui ex Jugoslavia, Afghanistan, Pakistan, Iraq, Iran, Sudan, Caucaso, Angola e Ruanda.<br \/>Durante il suo incarico, Boldrini si \u00e8 occupata spesso delle migrazioni nell&#8217;ambito del mediterraneo.<br \/>L\u2019altra notizia, a scala regionale, \u00e8 la presentazione dei <a href=\"http:\/\/www.regione.liguria.it\/argomenti\/media-e-notizie\/archivio-comunicati-stampa-della-giunta\/item\/36022-immigrazione--aumenta-integrazione-degli-stranieri.html\">dati<\/a>&nbsp;della Consulta regionale ligure per l\u2019integrazione, elaborati da Agenzia Liguria Lavoro: se nel territorio regionale l\u2019immigrazione continua a crescere, anche se a ritmi molto minori rispetto al passato (+6,7 per cento rispetto al 2010), a Genova l\u2019immigrazione cresce (+ 38.501) ma non compensa la flessione totale della popolazione (-60.479).<br \/>Scendendo ulteriormente alla scala comunale, se si scorrono le carte dell\u2019Archivio Forum Antirazzista si riescono a definire alcune tappe della storia dell\u2019immigrazione a Genova negli ultimi 27 anni.<br \/>Nel 1986 il tasso tra emigrazione ed immigrazione era negativo, cio\u00e8 chi emigrava superava ancora (e di migliaia di unit\u00e0) il numero di chi immigrava. La voce immigrazione nei dati statistici del comune di Genova prevedeva arrivi dalle altre regioni italiane, in primo luogo il Sud, mentre dall&#8217;estero si contavano soltanto 706 ingressi, compresi quelli dalla Repubblica di San Marino. Tra le comunit\u00e0 straniere residenti, al primo posto quella iraniana, per la maggior parte rifugiati politici in fuga dalla rivoluzione del 1979 e dalla guerra con l\u2019Iraq. Si contavano poi soltanto 69 marocchini residenti.<br \/>L\u2019anno successivo, il 1987, segna ancora un tasso negativo e chi va via supera ancora chi entra, ma la differenza si assottiglia. La comunit\u00e0 marocchina residente fa un poderoso salto in avanti, decuplicando le presenze che passano da 69 a 689, forse per effetto del rincaro dei beni di prima necessit\u00e0, dovuto alle concessioni di re Hassan II al Fondo Monetario internazionale nei primi anni Ottanta.<br \/>Per passare ad un saldo positivo tra ingressi e uscite si deve aspettare il 1996, quando emigrano 960 persone e ne immigrano 2759.<br \/>La maggiore comunit\u00e0 residente, in quell&#8217;anno, \u00e8 sempre quella marocchina, al secondo posto si attesta l\u2019Ecuador, che ha sorpassato il Per\u00f9 e si dirige verso una crescita costante.&nbsp;Tra il 1996 e il 1999 il numero degli albanesi residenti quadruplica (da 113 a 494): negli stessi anni la guerra in Kosovo miete migliaia di vittime e spinge alla fuga la popolazione.<br \/>Il sorpasso tra Ecuador e Marocco, come comunit\u00e0 residente, avviene nel 2000, effetto <i>butterfly <\/i>della dollarizzazione avvenuta in quell&#8217;anno nello stato latinoamericano.<br \/>Anche secondo l\u2019ultimo rapporto della Consulta, oggi a scala regionale la comunit\u00e0 ecuadoriana \u00e8 la pi\u00f9 numerosa, con pi\u00f9 di 22mila presenze, seguita dall\u2019Albania (21.882 persone) e dal Marocco (14.761). Il tasso ingressi\/uscite \u00e8 tornato negativo, nel comune di Genova, causa crisi e denatalit\u00e0.<br \/>La farfalla questa volta sbatte le ali per noi?<br \/><b><i>(Eleana Marullo)<\/i><\/b><\/div>\n","protected":false},"excerpt":{"rendered":"<p>immagine da internet Alcune notizie degli ultimi giorni invitano ad allargare l\u2019orizzonte geografico dell\u2019informazione: una, a scala nazionale, \u00e8 la nomina di Laura Boldrini come presidente della Camera. La giornalista \u00e8 stata fino al 2012 portavoce dell\u2019Alto commissariato delle Nazioni Unite per i rifugiati: sono passate di sovente, negli ultimi giorni, le immagini delle sue [&hellip;]<\/p>\n","protected":false},"author":1,"featured_media":0,"comment_status":"closed","ping_status":"closed","sticky":false,"template":"","format":"standard","meta":{"footnotes":""},"categories":[1461,1462,288,7,1459],"tags":[],"class_list":["post-2843","post","type-post","status-publish","format-standard","hentry","category-consulta-regionale-per-lintegrazione","category-effetto-butterfly","category-eleana-marullo","category-immigrazione","category-oli-370"],"_links":{"self":[{"href":"https:\/\/www.olinews.it\/mt\/index.php?rest_route=\/wp\/v2\/posts\/2843","targetHints":{"allow":["GET"]}}],"collection":[{"href":"https:\/\/www.olinews.it\/mt\/index.php?rest_route=\/wp\/v2\/posts"}],"about":[{"href":"https:\/\/www.olinews.it\/mt\/index.php?rest_route=\/wp\/v2\/types\/post"}],"author":[{"embeddable":true,"href":"https:\/\/www.olinews.it\/mt\/index.php?rest_route=\/wp\/v2\/users\/1"}],"replies":[{"embeddable":true,"href":"https:\/\/www.olinews.it\/mt\/index.php?rest_route=%2Fwp%2Fv2%2Fcomments&post=2843"}],"version-history":[{"count":1,"href":"https:\/\/www.olinews.it\/mt\/index.php?rest_route=\/wp\/v2\/posts\/2843\/revisions"}],"predecessor-version":[{"id":5368,"href":"https:\/\/www.olinews.it\/mt\/index.php?rest_route=\/wp\/v2\/posts\/2843\/revisions\/5368"}],"wp:attachment":[{"href":"https:\/\/www.olinews.it\/mt\/index.php?rest_route=%2Fwp%2Fv2%2Fmedia&parent=2843"}],"wp:term":[{"taxonomy":"category","embeddable":true,"href":"https:\/\/www.olinews.it\/mt\/index.php?rest_route=%2Fwp%2Fv2%2Fcategories&post=2843"},{"taxonomy":"post_tag","embeddable":true,"href":"https:\/\/www.olinews.it\/mt\/index.php?rest_route=%2Fwp%2Fv2%2Ftags&post=2843"}],"curies":[{"name":"wp","href":"https:\/\/api.w.org\/{rel}","templated":true}]}}