{"id":2844,"date":"2013-03-21T17:50:00","date_gmt":"2013-03-21T16:50:00","guid":{"rendered":"http:\/\/www.olinews.it\/mt\/?p=2844"},"modified":"2020-04-28T19:31:32","modified_gmt":"2020-04-28T18:31:32","slug":"oli-370-palestina-vittorio-arrigoni-ambasciatore-di-pace","status":"publish","type":"post","link":"https:\/\/www.olinews.it\/mt\/?p=2844","title":{"rendered":"OLI 370: PALESTINA &#8211; Vittorio Arrigoni: ambasciatore di pace"},"content":{"rendered":"<div dir=\"ltr\" style=\"text-align: left;\">\n<table cellpadding=\"0\" cellspacing=\"0\" style=\"float: right; margin-left: 1em; text-align: right;\">\n<tbody>\n<tr>\n<td style=\"text-align: center;\"><a href=\"http:\/\/2.bp.blogspot.com\/-WBi71Ztt43U\/UUrk70tPMLI\/AAAAAAAACr0\/5luyGIsR18w\/s1600\/2013-03-17+19.01.03.jpg\" style=\"clear: right; margin-bottom: 1em; margin-left: auto; margin-right: auto;\"><img loading=\"lazy\" decoding=\"async\" border=\"0\" height=\"240\" src=\"https:\/\/olinews.it\/mt\/wp-content\/uploads\/2020\/04\/2013-03-1719.01.03.jpg\" width=\"320\" \/><\/a><\/td>\n<\/tr>\n<tr>\n<td style=\"text-align: center;\">(foto dell&#8217;autrice)<\/td>\n<\/tr>\n<\/tbody>\n<\/table>\n<p>Un incontro emozionante domenica sera a Genova con Egidia Beretta Arrigoni e Don Andrea Gallo per la presentazione del libro &#8220;<b>Il viaggio di Vittorio<\/b>&#8220;, scritto dalla madre, che ripercorre la breve vita di Vittorio Arrigoni rapito e assassinato a Gaza il 14 aprile 2011.<br \/>Molta commozione nel ricordare Vittorio. La sua passione per la giustizia e per la dignit\u00e0 umana lo portano a servizio degli oppressi durante i suoi viaggi. Attivista, militante, volontario, pacifista, scudo umano, reporter.&nbsp;Vittorio trova il senso della sua vita in Palestina nella Striscia di Gaza nella prigione a cielo aperto dove gli abitanti non possono varcare i confini neanche per andare a lavorare. Vittorio decide di stare affianco ai palestinesi nella loro quotidiana lotta di sopravvivenza interponendosi tra i contadini e i cecchini israeliani che sparano durante il raccolto, tra i pescatori e la marina militare israeliana che con ogni mezzo violento impedisce la pesca ai palestinesi.<br \/>Vittorio vivr\u00e0 a Gaza 3 anni fino al suo assassinio. Soggetto scomodo per le autorit\u00e0 militari israeliane, inserito gi\u00e0&nbsp;nella <i>black list <\/i>delle persone sgradite ad Israele, arrestato e poi espulso, Vittorio torna nella Striscia via mare, non si lascia intimidire e continua il suo impegno con l&#8217;<i>International Solidarity Movement<\/i>; decide di restare nell&#8217;inferno di Gaza durante &#8220;Operazione Piombo Fuso&#8221;: tre settimane di bombardamenti israeliani su Gaza che&nbsp;tra dicembre e gennaio del 2009 hanno causato oltre 1300 morti e pi\u00f9 di 5000 feriti. Vittorio, unico testimone italiano, attraverso il suo blog&nbsp;<i>guerrillaradio<\/i>&nbsp;ha dato voce alla popolazione martoriata. I suoi reportage sono stati raccolti nel libro &#8220;<i>Gaza. Restiamo umani<\/i>&#8220;.<br \/>&#8220;Davanti a tanta disumanit\u00e0 devi restare umano&#8230;&#8221; mi disse quando lo incontrai a Genova dopo Operazione Piombo Fuso; e Vittorio la disumanit\u00e0 la conosceva bene: raccogliere pezzi dei suoi amici palestinesi e teste di bambini erano le cose pi\u00f9 atroci che aveva visto quando girava con le ambulanze della mezzaluna rossa per trasportare i feriti all&#8217;ospedale. \u201c<i>&#8230;ho scoperto oggi di essere un pessimo cameraman<\/i>\u201d scrive Vittorio durante la strage a Gaza \u201c<i>non riesco a riprendere i corpi maciullati e i volti in lacrime. Non ce la faccio. Non riesco perch\u00e8 piango anche io&#8230;<\/i>.\u201d.<\/p>\n<table cellpadding=\"0\" cellspacing=\"0\" style=\"float: left; margin-right: 1em; text-align: left;\">\n<tbody>\n<tr>\n<td style=\"text-align: center;\"><a href=\"https:\/\/olinews.it\/mt\/wp-content\/uploads\/2020\/04\/vik.jpg\" style=\"clear: left; margin-bottom: 1em; margin-left: auto; margin-right: auto;\"><img decoding=\"async\" border=\"0\" src=\"https:\/\/olinews.it\/mt\/wp-content\/uploads\/2020\/04\/vik.jpg\" \/><\/a><\/td>\n<\/tr>\n<tr>\n<td style=\"text-align: center;\">(foto da internet)<\/td>\n<\/tr>\n<\/tbody>\n<\/table>\n<p>\u201c<i>Certi giorni, quando sono sola, mi rifugio nella stanza segreta del mio cuore e lascio che il dolore mi strazi, e piango e lo chiamo, chiamo forte il mio bambino che non c\u2019\u00e8 pi\u00f9<\/i>\u201d scrive Egidia nel libro. E per lei Vittorio oggi vive attraverso gli incontri, attraverso la corrispondenza che aveva con lui, attraverso il blog e attraverso le persone che lo hanno conosciuto e che continuano a ricordarlo.<br \/>Vittorio, &#8220;ambasciatore di pace&#8221; e &#8221;&nbsp;grande fiore della pace&#8221; come lo ha ricordato Don Gallo, sembrava essere insieme a noi domenica, con la sua pipa e il berretto nero, ad esortarci a &#8220;restare umani&#8221;.<br \/>E noi domenica lo abbiamo ricordato cos\u00ec:<br \/>&nbsp;\u201c<i>La storia siamo noi, la storia non la fanno i governanti codardi con le loro ignobili sudditanze ai governi militarmente pi\u00f9 forti. La storia la fanno le persone semplici, gente comune, con famiglia a casa e un lavoro ordinario, che si impegnano per un ideale straordinario come la pace, per i diritti umani, per restare umani. La storia siamo noi che mettendo a repentaglio le nostre vite, abbiamo concretizzato l\u2019utopia, regalando un sogno, una speranza a centinaia di migliaia di persone. [\u2026]&nbsp;<\/i><br \/><i>Il nostro messaggio di pace \u00e8 un invito alla mobilitazione per tutte le persone comuni , a non delegare al vita al burattinaio di turno, a prendersi di petto la responsabilit\u00e0 di una rivoluzione, rivoluzione interiore innanzitutto, verso l&#8217;amore, l&#8217;empatia, che di riflesso cambier\u00e0 il mondo. [&#8230;] la pace non \u00e8 un\u2019utopia e se lo \u00e8 abbiamo dimostrato che a volte le utopie si concretizzano. Basta crederci, fermamente impegnarsi, contro ogni intimidazione, timore, sconforto, semplicemente restando umani<\/i>\u201d. &nbsp;Vittorio Arrigoni, 3 settembre 2008<\/p>\n<p>video dell&#8217;incontro del 17 marzo:&nbsp;<a href=\"http:\/\/www.arcoiris.tv\/modules.php?name=Unique&amp;id=15797\">http:\/\/www.arcoiris.tv\/modules.php?name=Unique&amp;id=15797<\/a><br \/><b>(<i>Maria Di Pietro<\/i>)<\/b><\/div>\n","protected":false},"excerpt":{"rendered":"<p>(foto dell&#8217;autrice) Un incontro emozionante domenica sera a Genova con Egidia Beretta Arrigoni e Don Andrea Gallo per la presentazione del libro &#8220;Il viaggio di Vittorio&#8220;, scritto dalla madre, che ripercorre la breve vita di Vittorio Arrigoni rapito e assassinato a Gaza il 14 aprile 2011.Molta commozione nel ricordare Vittorio. La sua passione per la [&hellip;]<\/p>\n","protected":false},"author":1,"featured_media":0,"comment_status":"closed","ping_status":"closed","sticky":false,"template":"","format":"standard","meta":{"footnotes":""},"categories":[1048,1465,676,1464,284,1459,440,1466,1463],"tags":[],"class_list":["post-2844","post","type-post","status-publish","format-standard","hentry","category-don-gallo","category-egidia-beretta","category-gaza","category-il-viaggio-di-vittorio","category-maria-di-pietro","category-oli-370","category-palestina","category-restiamo-umani","category-vittorio-arrigoni"],"_links":{"self":[{"href":"https:\/\/www.olinews.it\/mt\/index.php?rest_route=\/wp\/v2\/posts\/2844","targetHints":{"allow":["GET"]}}],"collection":[{"href":"https:\/\/www.olinews.it\/mt\/index.php?rest_route=\/wp\/v2\/posts"}],"about":[{"href":"https:\/\/www.olinews.it\/mt\/index.php?rest_route=\/wp\/v2\/types\/post"}],"author":[{"embeddable":true,"href":"https:\/\/www.olinews.it\/mt\/index.php?rest_route=\/wp\/v2\/users\/1"}],"replies":[{"embeddable":true,"href":"https:\/\/www.olinews.it\/mt\/index.php?rest_route=%2Fwp%2Fv2%2Fcomments&post=2844"}],"version-history":[{"count":1,"href":"https:\/\/www.olinews.it\/mt\/index.php?rest_route=\/wp\/v2\/posts\/2844\/revisions"}],"predecessor-version":[{"id":5371,"href":"https:\/\/www.olinews.it\/mt\/index.php?rest_route=\/wp\/v2\/posts\/2844\/revisions\/5371"}],"wp:attachment":[{"href":"https:\/\/www.olinews.it\/mt\/index.php?rest_route=%2Fwp%2Fv2%2Fmedia&parent=2844"}],"wp:term":[{"taxonomy":"category","embeddable":true,"href":"https:\/\/www.olinews.it\/mt\/index.php?rest_route=%2Fwp%2Fv2%2Fcategories&post=2844"},{"taxonomy":"post_tag","embeddable":true,"href":"https:\/\/www.olinews.it\/mt\/index.php?rest_route=%2Fwp%2Fv2%2Ftags&post=2844"}],"curies":[{"name":"wp","href":"https:\/\/api.w.org\/{rel}","templated":true}]}}